{"id":35332,"date":"2023-11-16T00:51:51","date_gmt":"2023-11-16T00:51:51","guid":{"rendered":"http:\/\/elcensornoticias.com\/?p=35332"},"modified":"2023-11-16T00:51:54","modified_gmt":"2023-11-16T00:51:54","slug":"tlaxcaltecas-en-el-magno-evento-de-cultura-comunitaria-tengo-un-sueno-2023","status":"publish","type":"post","link":"https:\/\/elcensornoticias.com\/?p=35332","title":{"rendered":"Tlaxcaltecas en el Magno evento de Cultura Comunitaria Tengo un sue\u00f1o 2023"},"content":{"rendered":"\n<ul class=\"wp-block-list\">\n<li><strong>Inicia el campamento creativo de Cultura Comunitaria, rumbo a Tengo un sue\u00f1o 2023<\/strong><\/li>\n\n\n\n<li><strong>El magno evento se llevar\u00e1 a cabo en el Auditorio Nacional en la capital del pa\u00eds<\/strong><\/li>\n<\/ul>\n\n\n\n<p>Los Semilleros Creativos de Cultura Comunitaria, programa prioritario de la Secretar\u00eda de Cultura del Gobierno de M\u00e9xico, iniciaron un campamento intensivo rumbo a Tengo un sue\u00f1o 2023, que se llevar\u00e1 a cabo en el Auditorio Nacional el pr\u00f3ximo 23 de noviembre.<\/p>\n\n\n\n<p>Reunidos en el Centro Vacacional \u201cAdolfo L\u00f3pez Mateos\u201d, del Instituto Mexicano del Seguro Social, en Oaxtepec, Morelos, 645 ni\u00f1as, ni\u00f1os y j\u00f3venes realizan el ensamblaje final de los cuadros esc\u00e9nicos que llenar\u00e1n el escenario, representado a los m\u00e1s de 14 mil 800 que asisten diariamente a los 443 Semilleros Creativos activos en el pa\u00eds.<\/p>\n\n\n\n<p>Tan solo en el estado de Tlaxcala existen 13 Semilleros Creativos, integrados por 560 ni\u00f1as, ni\u00f1os y j\u00f3venes, de los cuales, 29&nbsp;tendr\u00e1n participaci\u00f3n sobre el escenario durante el evento. De igual forma, 44 de sus participantes colaboraron en la elaboraci\u00f3n de la escenograf\u00eda comunitaria.<\/p>\n\n\n\n<p>Al dar la bienvenida a este campamento, la secretaria de Cultura federal, Alejandra Frausto Guerrero, destac\u00f3 que en este encuentro est\u00e1 reunido todo el pa\u00eds, \u201cdesde su alma, coraz\u00f3n y talento, con la generaci\u00f3n a la que quisimos apostarle para transformar este pa\u00eds\u201d.<\/p>\n\n\n\n<p>Record\u00f3 que Tengo un sue\u00f1o es el momento m\u00e1s esperado, donde se presenta el trabajo que durante un a\u00f1o realizaron las semillas y sus docentes. El campamento, que empez\u00f3 a recibir a las y los participantes desde el domingo pasado, concluye el pr\u00f3ximo 20 de noviembre, dejando todo listo para la presentaci\u00f3n del Magno evento de Cultura Comunitaria Tengo un sue\u00f1o 2023, que se llevar\u00e1 a cabo en el Auditorio Nacional, a las 19:00 horas.<\/p>\n\n\n\n<p>Alejandra Frausto Guerrero recalc\u00f3 que esta presentaci\u00f3n esc\u00e9nica ser\u00e1 solidaria con las comunidades afectadas por el hurac\u00e1n Otis en Guerrero, al intercambiar juguetes, \u00fatiles y donaciones en dinero por un boleto de acceso.<\/p>\n\n\n\n<p>\u201cEste movimiento que logra imposibles, esta fuerza creativa tiene que seguir adelante y reconocer en la solidaridad su mayor fuerza. Este Tengo un sue\u00f1o no es uno m\u00e1s, no es una experiencia personal. Todo lo que hagamos ser\u00e1 presentado con el coraz\u00f3n, como ustedes lo est\u00e1n haciendo, y todas las personas que los vayan a ver tienen que llevar algo para Acapulco, para las familias de Guerrero que perdieron todo\u201d.<\/p>\n\n\n\n<p>La encargada de la pol\u00edtica cultural del pa\u00eds coment\u00f3 que, en un ejemplo de lo que significa Cultura Comunitaria, integrantes de la Orquesta Sinf\u00f3nica Comunitaria Renacimiento de Acapulco, aun cuando varios hab\u00edan perdido tambi\u00e9n sus casas, hicieron una presentaci\u00f3n especial para alegrar a otras personas con m\u00fasica.<\/p>\n\n\n\n<p>\u201cLos ni\u00f1os de Renacimiento nos dieron una lecci\u00f3n del por qu\u00e9 no podemos parar. Algunos hab\u00edan perdido sus casas y llegaron al Semillero a preguntar por sus instrumentos, y fueron a tocarle a las personas en un comedor comunitario, a personas que lo hab\u00edan perdido todo. Eso es Semilleros Creativos, eso es Cultura Comunitaria, nunca nos dejamos vencer, nunca\u201d.<\/p>\n\n\n\n<p>Cabe recordar que los Semilleros Creativos son grupos de formaci\u00f3n art\u00edstica gratuita con presencia en todo el pa\u00eds, con enfoque comunitario para infancias y juventudes, donde a partir de su riqueza y diversidad cultural se fomenta la paz en espacios seguros, se desarrolla el pensamiento cr\u00edtico y promueve su participaci\u00f3n en la vida art\u00edstica y su posicionamiento como agentes culturales.<\/p>\n\n\n\n<p>En su oportunidad, el titular del Sistema Nacional de Fomento Musical (SNFM), Roberto Renter\u00eda Yrene, dedic\u00f3 tambi\u00e9n una menci\u00f3n al contingente del estado de Guerrero: \u201cMuy especialmente a nuestros compa\u00f1eros de Acapulco, para ustedes est\u00e1 dedicado este Tengo un sue\u00f1o, estamos trabajando para apoyarles en lo m\u00e1s que se pueda\u201d. &nbsp;Tras el mensaje, les dese\u00f3 una provechosa estad\u00eda: \u00abTrabajen muchas horas, con mucha disciplina y coraz\u00f3n, ya que el s\u00edmbolo de este Tengo un sue\u00f1o es un coraz\u00f3n, y es justo lo que representa que estemos aqu\u00ed\u201d.<\/p>\n\n\n\n<p>Con la direcci\u00f3n esc\u00e9nica de Cecilia Sotres, la direcci\u00f3n musical de Roberto Renter\u00eda Yrene, y la colaboraci\u00f3n de docentes y tutores estas ni\u00f1as, ni\u00f1os y j\u00f3venes trabajar\u00e1n, de manera intensa, toda una semana, en el armado final de la gran muestra interdisciplinaria que representa Tengo un sue\u00f1o 2023, y que en esta ocasi\u00f3n se compone de m\u00e1s de 15 actos esc\u00e9nicos, reflejo de un a\u00f1o de trabajo en estos espacios colaborativos.<\/p>\n\n\n\n<p>Bajo diversas tem\u00e1ticas como humanismo mexicano, justicia, paz, diversidad, naturaleza y migraci\u00f3n, en este campamento se ajustar\u00e1n los detalles para el repertorio en el Auditorio Nacional, de cuadros esc\u00e9nicos como: <em>Alas<\/em> (a Malala), de Arturo M\u00e1rquez,<em> La maza<\/em> (Silvio Rodr\u00edguez), <em>Manifiesto por la paz<\/em>, y un montaje especial en el que se rinde homenaje a Jos\u00e9 Alfredo Jim\u00e9nez.<\/p>\n\n\n\n<p>Si bien en este evento la ni\u00f1ez y las juventudes son protagonistas del escenario, se contar\u00e1 con la participaci\u00f3n especial de artistas invitadas como Alika y Morganna Love, quienes tambi\u00e9n estar\u00e1n presentes en Oaxtepec, Morelos, para fusionar y afinar los cuadros art\u00edsticos en los que colaboran.&nbsp;<\/p>\n\n\n\n<p>Para obtener un boleto, y con el objetivo de apoyar a cerca de 300 familias de ni\u00f1as, ni\u00f1os j\u00f3venes y docentes de los Semilleros Creativos en Guerrero, afectadas por el hurac\u00e1n Otis, la Secretar\u00eda de Cultura federal solicita la donaci\u00f3n de juguetes y \u00fatiles escolares. Tambi\u00e9n se aceptan donativos de dinero en efectivo o v\u00eda tarjeta bancaria. Por cada peso donado, la Fundaci\u00f3n Inbursa, A.C. aportar\u00e1 dos pesos m\u00e1s, que ser\u00e1n destinados de manera conjunta por ambas instituciones para estas comunidades.<\/p>\n\n\n\n<p>Sigue las redes sociales de la Secretar\u00eda de Cultura en Twitter (@cultura_mx), Facebook (\/SecretariaCulturaMX) e Instagram (@culturamx).<\/p>\n","protected":false},"excerpt":{"rendered":"<p>Los Semilleros Creativos de Cultura Comunitaria, programa prioritario de la Secretar\u00eda de Cultura del Gobierno de M\u00e9xico, iniciaron un campamento intensivo rumbo a Tengo un sue\u00f1o 2023, que se llevar\u00e1 a cabo en el Auditorio Nacional el pr\u00f3ximo 23 de noviembre. Reunidos en el Centro Vacacional \u201cAdolfo L\u00f3pez Mateos\u201d, del Instituto Mexicano del Seguro Social, [&hellip;]<\/p>\n","protected":false},"author":1,"featured_media":35333,"comment_status":"open","ping_status":"open","sticky":false,"template":"","format":"standard","meta":{"advanced_seo_description":"","jetpack_seo_html_title":"","jetpack_seo_noindex":false,"footnotes":"","jetpack_publicize_message":"","jetpack_is_tweetstorm":false,"jetpack_publicize_feature_enabled":true,"jetpack_social_post_already_shared":true,"jetpack_social_options":{"image_generator_settings":{"template":"highway","enabled":false}}},"categories":[26,4],"tags":[],"class_list":["post-35332","post","type-post","status-publish","format-standard","has-post-thumbnail","hentry","category-cultura","category-noticias"],"jetpack_publicize_connections":[],"jetpack_featured_media_url":"https:\/\/elcensornoticias.com\/wp-content\/uploads\/2023\/11\/Foto_EdoardoEsparzaChavarria_SC-3-1.jpeg","jetpack_likes_enabled":true,"jetpack_sharing_enabled":true,"jetpack_shortlink":"https:\/\/wp.me\/p6xy50-9bS","_links":{"self":[{"href":"https:\/\/elcensornoticias.com\/index.php?rest_route=\/wp\/v2\/posts\/35332","targetHints":{"allow":["GET"]}}],"collection":[{"href":"https:\/\/elcensornoticias.com\/index.php?rest_route=\/wp\/v2\/posts"}],"about":[{"href":"https:\/\/elcensornoticias.com\/index.php?rest_route=\/wp\/v2\/types\/post"}],"author":[{"embeddable":true,"href":"https:\/\/elcensornoticias.com\/index.php?rest_route=\/wp\/v2\/users\/1"}],"replies":[{"embeddable":true,"href":"https:\/\/elcensornoticias.com\/index.php?rest_route=%2Fwp%2Fv2%2Fcomments&post=35332"}],"version-history":[{"count":1,"href":"https:\/\/elcensornoticias.com\/index.php?rest_route=\/wp\/v2\/posts\/35332\/revisions"}],"predecessor-version":[{"id":35334,"href":"https:\/\/elcensornoticias.com\/index.php?rest_route=\/wp\/v2\/posts\/35332\/revisions\/35334"}],"wp:featuredmedia":[{"embeddable":true,"href":"https:\/\/elcensornoticias.com\/index.php?rest_route=\/wp\/v2\/media\/35333"}],"wp:attachment":[{"href":"https:\/\/elcensornoticias.com\/index.php?rest_route=%2Fwp%2Fv2%2Fmedia&parent=35332"}],"wp:term":[{"taxonomy":"category","embeddable":true,"href":"https:\/\/elcensornoticias.com\/index.php?rest_route=%2Fwp%2Fv2%2Fcategories&post=35332"},{"taxonomy":"post_tag","embeddable":true,"href":"https:\/\/elcensornoticias.com\/index.php?rest_route=%2Fwp%2Fv2%2Ftags&post=35332"}],"curies":[{"name":"wp","href":"https:\/\/api.w.org\/{rel}","templated":true}]}}