{"id":35323,"date":"2023-11-16T00:41:03","date_gmt":"2023-11-16T00:41:03","guid":{"rendered":"http:\/\/elcensornoticias.com\/?p=35323"},"modified":"2023-11-16T00:41:06","modified_gmt":"2023-11-16T00:41:06","slug":"ultima-sesion-del-2023-de-la-calle-para-la-fiesta","status":"publish","type":"post","link":"https:\/\/elcensornoticias.com\/?p=35323","title":{"rendered":"\u00daltima sesi\u00f3n del 2023 de \u201cLa calle para la fiesta\u201d"},"content":{"rendered":"\n<ul class=\"wp-block-list\">\n<li><strong>Tarde de baile, m\u00fasica y patinaje al aire libre en la Explanada del CCD, el domingo 26 de noviembre a las 12:00 horas.<\/strong><\/li>\n\n\n\n<li><strong>Se impartir\u00e1n dos clases de<em>&nbsp;roller dance&nbsp;<\/em>por el colectivo R\u00e1faga y habr\u00e1 50 pares de patines disponibles para pr\u00e9stamo gratuito.<\/strong><\/li>\n\n\n\n<li><strong>La fiesta de m\u00fasica en vinilo presenta una variedad de g\u00e9neros: disco, italo disco, hi-nrg, nu disco, cumbia y m\u00fasica tropical.<\/strong><\/li>\n<\/ul>\n\n\n\n<p>La Secretar\u00eda de Cultura del Gobierno de M\u00e9xico, a trav\u00e9s del Centro de Cultura Digital (CCD), invita a la \u00faltima sesi\u00f3n del 2023 de \u201cLa calle para la fiesta\u201d, proyecto que, en l\u00ednea con los ejes de trabajo de la Secretar\u00eda de Cultura por la recuperaci\u00f3n del espacio p\u00fablico, activa la plaza del CCD con m\u00fasica, baile y&nbsp;<em>roller<\/em>&nbsp;dance.<\/p>\n\n\n\n<p>\u201cLa calle para la fiesta\u201d es una coproducci\u00f3n del CCD con NOCHENEGRA, fundado por la DJ, productora y curadora Mariana Maduro de Oliveira, migrante venezolana-brasile\u00f1a, quien reside en M\u00e9xico desde el 2015 y es productora de fiestas desde el 2017.<\/p>\n\n\n\n<p>La cita comienza el domingo 26 a las 12:00 horas con dos clases seguidas de&nbsp;<em>roller dance&nbsp;<\/em>dictadas por el colectivo R\u00e1faga y su instructor Robert Smith, donde, a su vez, sonar\u00e1n los discos de Miss Voltaghe y Katana, quienes tocar\u00e1n en vinilo g\u00e9neros como disco, italo disco y hi-nrg. Para la clase habr\u00e1 50 pares de patines disponibles que se prestar\u00e1n de forma gratuita al presentar una identificaci\u00f3n oficial (INE). Las clases terminar\u00e1n a las 14:00 horas, dando paso a una hora m\u00e1s de baile con los mismos g\u00e9neros musicales con el m\u00edtico DJ Lalo Stardos en las tornas.<\/p>\n\n\n\n<p>Despu\u00e9s, desde las 15:00 hasta las 19:00 horas sonar\u00e1 m\u00fasica tropical y cumbia con tres j\u00f3venes sonideras y sonideros: Marisol Mendoza \u2014de las Musas Sonideras\u2014, Papi P\u00e9rez y Beto Chakanais, quienes son parte activa de mantener viva esta cultura en la ciudad.<\/p>\n\n\n\n<p>El acceso a todas las actividades es gratuito y abierto al p\u00fablico. Para m\u00e1s detalles acerca de la programaci\u00f3n, se pueden consultar las redes sociales del CCD (@ccdmx) y su sitio&nbsp;<em>web<\/em>&nbsp;centroculturadigital.mx. Las instalaciones del Centro de Cultura Digital se ubican en Av. Paseo de la Reforma S\/N, Col. Ju\u00e1rez, Alcald\u00eda Miguel Hidalgo, Ciudad de M\u00e9xico.<\/p>\n","protected":false},"excerpt":{"rendered":"<p>La Secretar\u00eda de Cultura del Gobierno de M\u00e9xico, a trav\u00e9s del Centro de Cultura Digital (CCD), invita a la \u00faltima sesi\u00f3n del 2023 de \u201cLa calle para la fiesta\u201d, proyecto que, en l\u00ednea con los ejes de trabajo de la Secretar\u00eda de Cultura por la recuperaci\u00f3n del espacio p\u00fablico, activa la plaza del CCD con [&hellip;]<\/p>\n","protected":false},"author":1,"featured_media":35324,"comment_status":"open","ping_status":"open","sticky":false,"template":"","format":"standard","meta":{"advanced_seo_description":"","jetpack_seo_html_title":"","jetpack_seo_noindex":false,"footnotes":"","jetpack_publicize_message":"","jetpack_is_tweetstorm":false,"jetpack_publicize_feature_enabled":true,"jetpack_social_post_already_shared":true,"jetpack_social_options":{"image_generator_settings":{"template":"highway","enabled":false}}},"categories":[26,4],"tags":[],"class_list":["post-35323","post","type-post","status-publish","format-standard","has-post-thumbnail","hentry","category-cultura","category-noticias"],"jetpack_publicize_connections":[],"jetpack_featured_media_url":"https:\/\/elcensornoticias.com\/wp-content\/uploads\/2023\/11\/La-calle-para-la-fiesta.-Cortesia-CCD6.jpeg","jetpack_likes_enabled":true,"jetpack_sharing_enabled":true,"jetpack_shortlink":"https:\/\/wp.me\/p6xy50-9bJ","_links":{"self":[{"href":"https:\/\/elcensornoticias.com\/index.php?rest_route=\/wp\/v2\/posts\/35323","targetHints":{"allow":["GET"]}}],"collection":[{"href":"https:\/\/elcensornoticias.com\/index.php?rest_route=\/wp\/v2\/posts"}],"about":[{"href":"https:\/\/elcensornoticias.com\/index.php?rest_route=\/wp\/v2\/types\/post"}],"author":[{"embeddable":true,"href":"https:\/\/elcensornoticias.com\/index.php?rest_route=\/wp\/v2\/users\/1"}],"replies":[{"embeddable":true,"href":"https:\/\/elcensornoticias.com\/index.php?rest_route=%2Fwp%2Fv2%2Fcomments&post=35323"}],"version-history":[{"count":1,"href":"https:\/\/elcensornoticias.com\/index.php?rest_route=\/wp\/v2\/posts\/35323\/revisions"}],"predecessor-version":[{"id":35325,"href":"https:\/\/elcensornoticias.com\/index.php?rest_route=\/wp\/v2\/posts\/35323\/revisions\/35325"}],"wp:featuredmedia":[{"embeddable":true,"href":"https:\/\/elcensornoticias.com\/index.php?rest_route=\/wp\/v2\/media\/35324"}],"wp:attachment":[{"href":"https:\/\/elcensornoticias.com\/index.php?rest_route=%2Fwp%2Fv2%2Fmedia&parent=35323"}],"wp:term":[{"taxonomy":"category","embeddable":true,"href":"https:\/\/elcensornoticias.com\/index.php?rest_route=%2Fwp%2Fv2%2Fcategories&post=35323"},{"taxonomy":"post_tag","embeddable":true,"href":"https:\/\/elcensornoticias.com\/index.php?rest_route=%2Fwp%2Fv2%2Ftags&post=35323"}],"curies":[{"name":"wp","href":"https:\/\/api.w.org\/{rel}","templated":true}]}}