{"id":35320,"date":"2023-11-16T00:36:43","date_gmt":"2023-11-16T00:36:43","guid":{"rendered":"http:\/\/elcensornoticias.com\/?p=35320"},"modified":"2023-11-16T00:36:45","modified_gmt":"2023-11-16T00:36:45","slug":"encuentro-de-arte-textil-mexicano-abre-original-escuincles","status":"publish","type":"post","link":"https:\/\/elcensornoticias.com\/?p=35320","title":{"rendered":"Encuentro de Arte Textil Mexicano abre ORIGINAL Escuincles"},"content":{"rendered":"\n<ul class=\"wp-block-list\">\n<li><strong>Del 16 al 19 de noviembre de 2023, la Hondonada del Complejo Cultural Los Pinos ser\u00e1 la sede de este proyecto que invita a las infancias a reconocer y proteger el patrimonio cultural de M\u00e9xico<\/strong><\/li>\n\n\n\n<li><strong>Adem\u00e1s, el s\u00e1bado 18 de noviembre ser\u00e1 punto de arribo de La Traves\u00eda de la peque\u00f1a Amal por M\u00e9xico<\/strong><\/li>\n<\/ul>\n\n\n\n<p>Exposiciones, talleres, recorridos, activaciones, conciertos y la proyecci\u00f3n de c\u00e1psulas sobre saberes locales de ni\u00f1as y ni\u00f1os de diferentes partes del pa\u00eds conforman la oferta cultural que la Secretar\u00eda de Cultura del Gobierno de M\u00e9xico, a trav\u00e9s del programa nacional Alas y Ra\u00edces, prepara en el Complejo Cultural Los Pinos como parte de ORIGINAL Escuincles.<\/p>\n\n\n\n<p>Este a\u00f1o, a partir de la integraci\u00f3n de la ni\u00f1a artesana \u00c1ngeles Serrano (Tlaquilpa, Veracruz) al Consejo Asesor de artesanos del movimiento cultural ORIGINAL, surge \u201cORIGINAL Escuincles\u201d, cuyo objetivo es invitar a ni\u00f1as y ni\u00f1os a&nbsp;reconocer, preservar y apreciar el valor del arte textil mexicano y, en general, al patrimonio cultural del pa\u00eds, cuyas pr\u00e1cticas tambi\u00e9n son realizadas y abrazadas por las infancias y adolescencias de distintos puntos del territorio nacional.<\/p>\n\n\n\n<p>De este modo, del 16 al 19 de noviembre de 2023, como parte de ORIGINAL. Encuentro de Arte Textil Mexicano, la Hondonada de Los Pinos ser\u00e1 el lugar donde ni\u00f1as y ni\u00f1os podr\u00e1n tejer, bordar, te\u00f1ir y compartir ideas y sentimientos a trav\u00e9s de diversas actividades art\u00edsticas.<\/p>\n\n\n\n<p>En el taller \u201cDise\u00f1os de papel\u201d, que se lleva a cabo el jueves, a las 13:00 horas, y el viernes y s\u00e1bado a las 12:00 horas, podr\u00e1n descubrir nuevas formas de armar y combinar sus ropas y accesorios a partir de las formas y los colores.<\/p>\n\n\n\n<p>Adem\u00e1s, guiados por los artistas Karloz Atl y Erika Jim\u00e9nez, ni\u00f1as y ni\u00f1os descubrir\u00e1n nuevas posibilidades de disfrutar y demostrar los afectos en las activaciones que acompa\u00f1en los recorridos por la exposici\u00f3n interactiva \u201cToc Toc mi coraz\u00f3n\u201d,&nbsp;conformada por 10 poemas en espa\u00f1ol escritos por Mar\u00eda Jos\u00e9 Ferrada y traducidos a 11 lenguas mexicanas y el sistema de lectura Braille.&nbsp;<\/p>\n\n\n\n<p>En&nbsp;<em>Apapasue\u00f1os<\/em>, instalaci\u00f3n de Ireli V\u00e1zquez y el colectivo Canica Arte L\u00fadico, beb\u00e9s, ni\u00f1as y ni\u00f1os, de 0 a 5 a\u00f1os&nbsp;descubrir\u00e1n con sus familias las distintas formas de acariciar el alma desde el juego compartido y la contemplaci\u00f3n.&nbsp;<\/p>\n\n\n\n<p>En la parte musical, el viernes 17 de noviembre, a las 14:00 horas, el dueto argentino Giranda invitar\u00e1 a las y los escuchas a formar parte de historias y juegos corporales nacidos de su viaje por distintas provincias en su pa\u00eds, en el concierto \u201cSubiBaja, un viaje en canciones\u201d.&nbsp;<\/p>\n\n\n\n<p>El s\u00e1bado 18 de noviembre a las 16:00 horas, los m\u00fasicos de Saltapatr\u00e1s invitar\u00e1n, entre cantos y bailes, a conocer a dos seres c\u00f3smicos, Tigre y Toro, en el concierto \u201cLos enmascarados\u201d.<\/p>\n\n\n\n<p>El domingo 19 de noviembre, a las 16:00 horas, alistaremos el cuerpo y el zapateado para bailar al ritmo del son jarocho en un homenaje a nuestros antepasados, al lado de Los Parientes de Playa Vicente en su concierto \u201cPregona, pariente, mi son\u201d.<\/p>\n\n\n\n<p>Asimismo, durante la jornada de actividades de ORIGINAL Escuincles, en el S\u00f3tano Casa Miguel Alem\u00e1n se llevar\u00e1 a cabo la proyecci\u00f3n de las c\u00e1psulas&nbsp;<em>Saberes locales<\/em>, realizadas con el apoyo de las coordinaciones de Alas y Ra\u00edces en el pa\u00eds, en las que ni\u00f1as y ni\u00f1os de distintos estados y localidades comparten sus saberes y tradiciones comunitarios heredados y practicados de generaci\u00f3n en generaci\u00f3n.<\/p>\n\n\n\n<p>Adem\u00e1s, ORIGINAL Escuincles ser\u00e1 parte de La traves\u00eda de la Peque\u00f1a Amal por M\u00e9xico, la marioneta viajera que representa a una ni\u00f1a siria refugiada de 10 a\u00f1os de edad, y que es el coraz\u00f3n del proyecto brit\u00e1nico&nbsp;<em>The Walk.<\/em><\/p>\n\n\n\n<p>La Peque\u00f1a Amal llegar\u00e1 al Complejo Cultural Los Pinos el s\u00e1bado 18 de noviembre, a las 15:30 horas, haciendo de esta sede uno de sus puntos de encuentro en la Ciudad de M\u00e9xico y en donde se reunir\u00e1 con ni\u00f1as y ni\u00f1os para hacer una fiesta de arte y esperanza a su paso por nuestro pa\u00eds, como s\u00edmbolo de los derechos humanos, especialmente de los refugiados.<\/p>\n\n\n\n<p>ORIGINAL es un movimiento cultural surgido en 2021 de la mano de maestras y maestros artesanos representantes de diversas comunidades del pa\u00eds, quienes establecen de manera colectiva las directrices sobre las pr\u00e1cticas y estrategias que hagan posible el reconocimiento a las personas creadoras de cada obra artesanal, de la cultura a la que pertenecen, as\u00ed como el respeto a la propiedad intelectual colectiva con \u00e9tica y equidad en la colaboraci\u00f3n productiva.<\/p>\n\n\n\n<p>A su vez, ORIGINAL Escuincles es posible gracias a la suma de esfuerzos de instancias como el Centro Cultural Hel\u00e9nico, el Centro Nacional de las Artes, Los Semilleros Creativos del programa Cultura Comunitaria y el programa nacional Alas y Ra\u00edces.<\/p>\n\n\n\n<p>La programaci\u00f3n completa de Alas y Ra\u00edces de ORIGINAL Escuincles puede consultarse en el sitio&nbsp;<a href=\"https:\/\/alasyraices.gob.mx\/original-escuincles.pdf\" target=\"_blank\" rel=\"noreferrer noopener\">https:\/\/alasyraices.gob.mx\/original-escuincles.pdf<\/a>&nbsp;&nbsp; y en la p\u00e1gina&nbsp;<a href=\"http:\/\/www.mexicoescultura.com\/\" target=\"_blank\" rel=\"noreferrer noopener\">www.mexicoescultura.com<\/a><\/p>\n\n\n\n<p>El Complejo Cultural Los Pinos se ubica en Molino del Rey 252, Bosque de Chapultepec, 1a. Secci\u00f3n, Miguel Hidalgo, CDMX. La entrada a todas las actividades es libre y gratuita.<\/p>\n\n\n\n<p>Sigue las redes sociales de Alas y Ra\u00edces en Facebook: Alas y Ra\u00edces MX; en X (@AlasyRaices), Instagram y YouTube (@alasyraicescultura).<\/p>\n","protected":false},"excerpt":{"rendered":"<p>Exposiciones, talleres, recorridos, activaciones, conciertos y la proyecci\u00f3n de c\u00e1psulas sobre saberes locales de ni\u00f1as y ni\u00f1os de diferentes partes del pa\u00eds conforman la oferta cultural que la Secretar\u00eda de Cultura del Gobierno de M\u00e9xico, a trav\u00e9s del programa nacional Alas y Ra\u00edces, prepara en el Complejo Cultural Los Pinos como parte de ORIGINAL Escuincles. [&hellip;]<\/p>\n","protected":false},"author":1,"featured_media":35321,"comment_status":"open","ping_status":"open","sticky":false,"template":"","format":"standard","meta":{"advanced_seo_description":"","jetpack_seo_html_title":"","jetpack_seo_noindex":false,"footnotes":"","jetpack_publicize_message":"","jetpack_is_tweetstorm":false,"jetpack_publicize_feature_enabled":true,"jetpack_social_post_already_shared":true,"jetpack_social_options":{"image_generator_settings":{"template":"highway","enabled":false}}},"categories":[26,4],"tags":[],"class_list":["post-35320","post","type-post","status-publish","format-standard","has-post-thumbnail","hentry","category-cultura","category-noticias"],"jetpack_publicize_connections":[],"jetpack_featured_media_url":"https:\/\/elcensornoticias.com\/wp-content\/uploads\/2023\/11\/Original-escuincles.jpeg","jetpack_likes_enabled":true,"jetpack_sharing_enabled":true,"jetpack_shortlink":"https:\/\/wp.me\/p6xy50-9bG","_links":{"self":[{"href":"https:\/\/elcensornoticias.com\/index.php?rest_route=\/wp\/v2\/posts\/35320","targetHints":{"allow":["GET"]}}],"collection":[{"href":"https:\/\/elcensornoticias.com\/index.php?rest_route=\/wp\/v2\/posts"}],"about":[{"href":"https:\/\/elcensornoticias.com\/index.php?rest_route=\/wp\/v2\/types\/post"}],"author":[{"embeddable":true,"href":"https:\/\/elcensornoticias.com\/index.php?rest_route=\/wp\/v2\/users\/1"}],"replies":[{"embeddable":true,"href":"https:\/\/elcensornoticias.com\/index.php?rest_route=%2Fwp%2Fv2%2Fcomments&post=35320"}],"version-history":[{"count":1,"href":"https:\/\/elcensornoticias.com\/index.php?rest_route=\/wp\/v2\/posts\/35320\/revisions"}],"predecessor-version":[{"id":35322,"href":"https:\/\/elcensornoticias.com\/index.php?rest_route=\/wp\/v2\/posts\/35320\/revisions\/35322"}],"wp:featuredmedia":[{"embeddable":true,"href":"https:\/\/elcensornoticias.com\/index.php?rest_route=\/wp\/v2\/media\/35321"}],"wp:attachment":[{"href":"https:\/\/elcensornoticias.com\/index.php?rest_route=%2Fwp%2Fv2%2Fmedia&parent=35320"}],"wp:term":[{"taxonomy":"category","embeddable":true,"href":"https:\/\/elcensornoticias.com\/index.php?rest_route=%2Fwp%2Fv2%2Fcategories&post=35320"},{"taxonomy":"post_tag","embeddable":true,"href":"https:\/\/elcensornoticias.com\/index.php?rest_route=%2Fwp%2Fv2%2Ftags&post=35320"}],"curies":[{"name":"wp","href":"https:\/\/api.w.org\/{rel}","templated":true}]}}