{"id":35317,"date":"2023-11-15T01:15:14","date_gmt":"2023-11-15T01:15:14","guid":{"rendered":"http:\/\/elcensornoticias.com\/?p=35317"},"modified":"2023-11-15T01:15:16","modified_gmt":"2023-11-15T01:15:16","slug":"jornada-estatal-de-conciliacion-laboral-para-la-resolucion-de-conflictos-laborales","status":"publish","type":"post","link":"https:\/\/elcensornoticias.com\/?p=35317","title":{"rendered":"JORNADA ESTATAL DE CONCILIACI\u00d3N LABORAL PARA LA RESOLUCI\u00d3N DE CONFLICTOS LABORALES"},"content":{"rendered":"\n<p>El prop\u00f3sito es mejorar la calidad de vida de los trabajadores mediante la resoluci\u00f3n r\u00e1pida y expedita de los conflictos laborales<\/p>\n\n\n\n<p>El Gobierno del Estado, a trav\u00e9s de la Secretar\u00eda de Trabajo y Competitividad (STyC), dio inicio a una jornada con el objetivo de fomentar la conciliaci\u00f3n laboral perjudicial, al involucrar a instituciones y actores que intervienen en este proceso, en los \u00e1mbitos p\u00fablico y privado .<\/p>\n\n\n\n<p>El secretario de Trabajo y Competitividad, No\u00e9 Altamirano Islas, resalt\u00f3 la importancia de la conciliaci\u00f3n en la b\u00fasqueda de una justicia laboral \u00e1gil y su papel fundamental en la prosperidad del estado, al establecer juicios laborales m\u00e1s r\u00e1pidos y garantizar transparencia, certeza y seguridad jur\u00eddica tanto para trabajadores como para patrones en la resoluci\u00f3n de conflictos.<\/p>\n\n\n\n<p>Mencion\u00f3 que una de las caracter\u00edsticas del actual Sistema de Justicia Laboral es la conciliaci\u00f3n, lo que permite a trabajadoras y trabajadores resolver sus conflictos a trav\u00e9s de pl\u00e1ticas conciliatorias, sin la intervenci\u00f3n de abogados y con su apoyo durante el procedimiento laboral.<\/p>\n\n\n\n<p>Se busca privilegiar en cualquier etapa procesal la conciliaci\u00f3n, ya que es uno de los medios m\u00e1s eficaces para encontrar la mejor soluci\u00f3n y poner fin a los conflictos laborales dentro del marco legal.<\/p>\n\n\n\n<p>Durante el a\u00f1o 2023, la STyC, a trav\u00e9s de la Junta de Conciliaci\u00f3n y Arbitraje de Tlaxcala, ha celebrado 312 audiencias y ha acordado mil 864 convenios laborales, lo cual ha beneficiado con un monto total de 7 millones 781 mil 457 pesos a trabajadoras y trabajadores.<\/p>\n\n\n\n<p>Asimismo, mediante la Procuradur\u00eda de la Defensa del Trabajo, se ha brindado asesor\u00eda a dos mil 637 trabajadores en temas laborales, al asegurar que dispongan de la informaci\u00f3n necesaria y se sientan protegidos en el cumplimiento de sus derechos, lo que da como resultado un 40 por ciento de casos conciliados.<\/p>\n\n\n\n<p>Seg\u00fan datos de la Encuesta Nacional de Ocupaci\u00f3n y Empleo (ENOE), Tlaxcala se sit\u00faa por debajo de la media nacional en cuanto a demandas de conflictos laborales, con solo un 0.5 por ciento.<\/p>\n\n\n\n<p>Por \u00faltimo, se expres\u00f3 que el bienestar se fortalece cuando la paz laboral est\u00e1 presente en los entornos de trabajo, espec\u00edficamente entre los trabajadores y los patrones. Por ello, una labor coordinada con todas las instancias permite mantener este tipo de ambientes y prevenir un estallido de huelga.<\/p>\n\n\n\n<p>Para este gobierno, la conciliaci\u00f3n laboral es fundamental para la prosperidad del estado. A trav\u00e9s de esta jornada se trabajar\u00e1 para crear un entorno laboral m\u00e1s saludable y equitativo para los trabajadores tlaxcaltecas, a fin de garantizar trabajos seguros y dignos.<\/p>\n","protected":false},"excerpt":{"rendered":"<p>El prop\u00f3sito es mejorar la calidad de vida de los trabajadores mediante la resoluci\u00f3n r\u00e1pida y expedita de los conflictos laborales El Gobierno del Estado, a trav\u00e9s de la Secretar\u00eda de Trabajo y Competitividad (STyC), dio inicio a una jornada con el objetivo de fomentar la conciliaci\u00f3n laboral perjudicial, al involucrar a instituciones y actores [&hellip;]<\/p>\n","protected":false},"author":1,"featured_media":35318,"comment_status":"open","ping_status":"open","sticky":false,"template":"","format":"standard","meta":{"advanced_seo_description":"","jetpack_seo_html_title":"","jetpack_seo_noindex":false,"footnotes":"","jetpack_publicize_message":"","jetpack_is_tweetstorm":false,"jetpack_publicize_feature_enabled":true,"jetpack_social_post_already_shared":true,"jetpack_social_options":{"image_generator_settings":{"template":"highway","enabled":false}}},"categories":[2,3],"tags":[],"class_list":["post-35317","post","type-post","status-publish","format-standard","has-post-thumbnail","hentry","category-destacadas","category-gobierno"],"jetpack_publicize_connections":[],"jetpack_featured_media_url":"https:\/\/elcensornoticias.com\/wp-content\/uploads\/2023\/11\/IMG-20231114-WA0060-1.jpg","jetpack_likes_enabled":true,"jetpack_sharing_enabled":true,"jetpack_shortlink":"https:\/\/wp.me\/p6xy50-9bD","_links":{"self":[{"href":"https:\/\/elcensornoticias.com\/index.php?rest_route=\/wp\/v2\/posts\/35317","targetHints":{"allow":["GET"]}}],"collection":[{"href":"https:\/\/elcensornoticias.com\/index.php?rest_route=\/wp\/v2\/posts"}],"about":[{"href":"https:\/\/elcensornoticias.com\/index.php?rest_route=\/wp\/v2\/types\/post"}],"author":[{"embeddable":true,"href":"https:\/\/elcensornoticias.com\/index.php?rest_route=\/wp\/v2\/users\/1"}],"replies":[{"embeddable":true,"href":"https:\/\/elcensornoticias.com\/index.php?rest_route=%2Fwp%2Fv2%2Fcomments&post=35317"}],"version-history":[{"count":1,"href":"https:\/\/elcensornoticias.com\/index.php?rest_route=\/wp\/v2\/posts\/35317\/revisions"}],"predecessor-version":[{"id":35319,"href":"https:\/\/elcensornoticias.com\/index.php?rest_route=\/wp\/v2\/posts\/35317\/revisions\/35319"}],"wp:featuredmedia":[{"embeddable":true,"href":"https:\/\/elcensornoticias.com\/index.php?rest_route=\/wp\/v2\/media\/35318"}],"wp:attachment":[{"href":"https:\/\/elcensornoticias.com\/index.php?rest_route=%2Fwp%2Fv2%2Fmedia&parent=35317"}],"wp:term":[{"taxonomy":"category","embeddable":true,"href":"https:\/\/elcensornoticias.com\/index.php?rest_route=%2Fwp%2Fv2%2Fcategories&post=35317"},{"taxonomy":"post_tag","embeddable":true,"href":"https:\/\/elcensornoticias.com\/index.php?rest_route=%2Fwp%2Fv2%2Ftags&post=35317"}],"curies":[{"name":"wp","href":"https:\/\/api.w.org\/{rel}","templated":true}]}}