{"id":35296,"date":"2023-11-15T00:30:56","date_gmt":"2023-11-15T00:30:56","guid":{"rendered":"http:\/\/elcensornoticias.com\/?p=35296"},"modified":"2023-11-15T00:30:58","modified_gmt":"2023-11-15T00:30:58","slug":"entrego-uatx-resultados-sobre-exploracion-de-practicas-inclusivas","status":"publish","type":"post","link":"https:\/\/elcensornoticias.com\/?p=35296","title":{"rendered":"Entreg\u00f3 UATx resultados sobre exploraci\u00f3n de pr\u00e1cticas inclusivas"},"content":{"rendered":"\n<p>Para difundir los logros y el impacto que se obtiene con la praxis del conocimiento desarrollado en las aulas, la Universidad Aut\u00f3noma de Tlaxcala (UATx), a trav\u00e9s de la Facultad de Ciencias para el Desarrollo Humano, efectu\u00f3 la presentaci\u00f3n de resultados de la exploraci\u00f3n sobre pr\u00e1cticas inclusivas en el CECyTE-EMSAD, la cual fue coordinada por la Doctora Andrea Sald\u00edvar y el Doctor Francisco Aguilar, ambos docentes de esta Casa de Estudios.<\/p>\n\n\n\n<p>En esta actividad, efectuada en el auditorio interactivo \u201cManuel de Lardizabal y Uribe\u201d, el Doctor Abedel Galindo, dict\u00f3 la conferencia intitulada \u201cLos quehaceres del famili\u00f3logo y su impacto en la atenci\u00f3n de problem\u00e1ticas que se presentan en las familias actuales\u201d.&nbsp;<\/p>\n\n\n\n<p>Acudieron a este evento la Maestra Sandra Corona Padilla, Directora de Profesiones y Educaci\u00f3n Media Superior y Superior en el Estado; la Dra. Martha Esther Gonz\u00e1lez Lira, Directora Acad\u00e9mica de EMSAD; el Lic. Francisco Javier Tob\u00f3n Solano, Director de Vinculaci\u00f3n CECYTE-EMSAD; y el Dr. Josu\u00e9 A. Camacho Candia, Director de la Facultad de Ciencias para el Desarrollo Humano.<\/p>\n","protected":false},"excerpt":{"rendered":"<p>Para difundir los logros y el impacto que se obtiene con la praxis del conocimiento desarrollado en las aulas, la Universidad Aut\u00f3noma de Tlaxcala (UATx), a trav\u00e9s de la Facultad de Ciencias para el Desarrollo Humano, efectu\u00f3 la presentaci\u00f3n de resultados de la exploraci\u00f3n sobre pr\u00e1cticas inclusivas en el CECyTE-EMSAD, la cual fue coordinada por [&hellip;]<\/p>\n","protected":false},"author":1,"featured_media":35297,"comment_status":"open","ping_status":"open","sticky":false,"template":"","format":"standard","meta":{"advanced_seo_description":"","jetpack_seo_html_title":"","jetpack_seo_noindex":false,"footnotes":"","jetpack_publicize_message":"","jetpack_is_tweetstorm":false,"jetpack_publicize_feature_enabled":true,"jetpack_social_post_already_shared":true,"jetpack_social_options":{"image_generator_settings":{"template":"highway","enabled":false}}},"categories":[2,28],"tags":[],"class_list":["post-35296","post","type-post","status-publish","format-standard","has-post-thumbnail","hentry","category-destacadas","category-educacion"],"jetpack_publicize_connections":[],"jetpack_featured_media_url":"https:\/\/elcensornoticias.com\/wp-content\/uploads\/2023\/11\/14-Entrego-UATx-resultados-sobre-exploracion-de-practicas-inclusivas.jpg","jetpack_likes_enabled":true,"jetpack_sharing_enabled":true,"jetpack_shortlink":"https:\/\/wp.me\/p6xy50-9bi","_links":{"self":[{"href":"https:\/\/elcensornoticias.com\/index.php?rest_route=\/wp\/v2\/posts\/35296","targetHints":{"allow":["GET"]}}],"collection":[{"href":"https:\/\/elcensornoticias.com\/index.php?rest_route=\/wp\/v2\/posts"}],"about":[{"href":"https:\/\/elcensornoticias.com\/index.php?rest_route=\/wp\/v2\/types\/post"}],"author":[{"embeddable":true,"href":"https:\/\/elcensornoticias.com\/index.php?rest_route=\/wp\/v2\/users\/1"}],"replies":[{"embeddable":true,"href":"https:\/\/elcensornoticias.com\/index.php?rest_route=%2Fwp%2Fv2%2Fcomments&post=35296"}],"version-history":[{"count":1,"href":"https:\/\/elcensornoticias.com\/index.php?rest_route=\/wp\/v2\/posts\/35296\/revisions"}],"predecessor-version":[{"id":35298,"href":"https:\/\/elcensornoticias.com\/index.php?rest_route=\/wp\/v2\/posts\/35296\/revisions\/35298"}],"wp:featuredmedia":[{"embeddable":true,"href":"https:\/\/elcensornoticias.com\/index.php?rest_route=\/wp\/v2\/media\/35297"}],"wp:attachment":[{"href":"https:\/\/elcensornoticias.com\/index.php?rest_route=%2Fwp%2Fv2%2Fmedia&parent=35296"}],"wp:term":[{"taxonomy":"category","embeddable":true,"href":"https:\/\/elcensornoticias.com\/index.php?rest_route=%2Fwp%2Fv2%2Fcategories&post=35296"},{"taxonomy":"post_tag","embeddable":true,"href":"https:\/\/elcensornoticias.com\/index.php?rest_route=%2Fwp%2Fv2%2Ftags&post=35296"}],"curies":[{"name":"wp","href":"https:\/\/api.w.org\/{rel}","templated":true}]}}