{"id":35278,"date":"2023-11-15T00:01:42","date_gmt":"2023-11-15T00:01:42","guid":{"rendered":"http:\/\/elcensornoticias.com\/?p=35278"},"modified":"2023-11-15T00:01:45","modified_gmt":"2023-11-15T00:01:45","slug":"fortalece-uatx-conocimientos-de-estudiantes-en-turismo-internacional","status":"publish","type":"post","link":"https:\/\/elcensornoticias.com\/?p=35278","title":{"rendered":"Fortalece UATx conocimientos de estudiantes en turismo internacional"},"content":{"rendered":"\n<p>Con la finalidad de acercar el conocimiento de los atractivos tur\u00edsticos y gastron\u00f3micos de las diferentes localidades de la entidad, la Facultad de Ciencias Econ\u00f3mico Administrativas de la Universidad Aut\u00f3noma de Tlaxcala (UATx), a trav\u00e9s de la Licenciatura en Turismo Internacional, llev\u00f3 a cabo la \u201cSegunda expo turismo 2023. Programas tur\u00edsticos de destino de M\u00e9xico en Tlaxcala\u201d.<\/p>\n\n\n\n<p>Durante su apertura, el Doctor Seraf\u00edn Ortiz Ortiz, Rector de la UATx, destac\u00f3 que, derivado de la reforma educativa que promueve la universalidad de la educaci\u00f3n con equidad e inclusi\u00f3n, la m\u00e1xima Casa de Estudios ha transitado a la b\u00fasqueda incesante de la excelencia acad\u00e9mica, por lo que el Modelo Humanista Integrador basado en Capacidades (MHIC), fomenta la formaci\u00f3n a trav\u00e9s de los saberes y la praxis profesional.<\/p>\n\n\n\n<p>Reconoci\u00f3 la trayectoria acad\u00e9mica de esta Facultad, la cual ha sido pionera en el tema de las acreditaciones de sus programas educativos a nivel nacional e internacional, hecho que permite potencializar a los estudiantes para que tengan un mejor desempe\u00f1o laboral y as\u00ed expandir sus conocimientos.&nbsp;<\/p>\n\n\n\n<p>Por su parte, el Maestro Mario Franz Subieta&nbsp;Zecua, Director de Ciencias Econ\u00f3mico Administrativas, puntualiz\u00f3 que, a trav\u00e9s de la revitalizaci\u00f3n del MHIC, se trabaj\u00f3 y dise\u00f1\u00f3 con el sector empresarial una licenciatura m\u00e1s atractiva que permite la interacci\u00f3n te\u00f3rico-pr\u00e1ctico para desarrollar las capacidades profesionales de los educandos en diferentes \u00e1mbitos que conforman la sociedad.<\/p>\n\n\n\n<p>Este evento cont\u00f3 con la presencia del Contador Germ\u00e1n Montiel Huerta, Director de operaci\u00f3n tur\u00edstica, en representaci\u00f3n de la Licenciada Josefina Rodr\u00edguez Zamora, Secretaria de Turismo del Estado de Tlaxcala; del Maestro Luis Alberto Silva V\u00e1zquez, Coordinador de la Licenciatura en Turismos Internacional; as\u00ed como representantes de instituciones de educaci\u00f3n media superior y estructura directiva de la instituci\u00f3n.<\/p>\n","protected":false},"excerpt":{"rendered":"<p>Con la finalidad de acercar el conocimiento de los atractivos tur\u00edsticos y gastron\u00f3micos de las diferentes localidades de la entidad, la Facultad de Ciencias Econ\u00f3mico Administrativas de la Universidad Aut\u00f3noma de Tlaxcala (UATx), a trav\u00e9s de la Licenciatura en Turismo Internacional, llev\u00f3 a cabo la \u201cSegunda expo turismo 2023. Programas tur\u00edsticos de destino de M\u00e9xico [&hellip;]<\/p>\n","protected":false},"author":1,"featured_media":35279,"comment_status":"open","ping_status":"open","sticky":false,"template":"","format":"standard","meta":{"advanced_seo_description":"","jetpack_seo_html_title":"","jetpack_seo_noindex":false,"footnotes":"","jetpack_publicize_message":"","jetpack_is_tweetstorm":false,"jetpack_publicize_feature_enabled":true,"jetpack_social_post_already_shared":true,"jetpack_social_options":{"image_generator_settings":{"template":"highway","enabled":false}}},"categories":[2,28],"tags":[],"class_list":["post-35278","post","type-post","status-publish","format-standard","has-post-thumbnail","hentry","category-destacadas","category-educacion"],"jetpack_publicize_connections":[],"jetpack_featured_media_url":"https:\/\/elcensornoticias.com\/wp-content\/uploads\/2023\/11\/14-A-Fortalece-UATx-conocimientos-de-estudiantes-en-turismo-internacional-1.jpg","jetpack_likes_enabled":true,"jetpack_sharing_enabled":true,"jetpack_shortlink":"https:\/\/wp.me\/p6xy50-9b0","_links":{"self":[{"href":"https:\/\/elcensornoticias.com\/index.php?rest_route=\/wp\/v2\/posts\/35278","targetHints":{"allow":["GET"]}}],"collection":[{"href":"https:\/\/elcensornoticias.com\/index.php?rest_route=\/wp\/v2\/posts"}],"about":[{"href":"https:\/\/elcensornoticias.com\/index.php?rest_route=\/wp\/v2\/types\/post"}],"author":[{"embeddable":true,"href":"https:\/\/elcensornoticias.com\/index.php?rest_route=\/wp\/v2\/users\/1"}],"replies":[{"embeddable":true,"href":"https:\/\/elcensornoticias.com\/index.php?rest_route=%2Fwp%2Fv2%2Fcomments&post=35278"}],"version-history":[{"count":1,"href":"https:\/\/elcensornoticias.com\/index.php?rest_route=\/wp\/v2\/posts\/35278\/revisions"}],"predecessor-version":[{"id":35280,"href":"https:\/\/elcensornoticias.com\/index.php?rest_route=\/wp\/v2\/posts\/35278\/revisions\/35280"}],"wp:featuredmedia":[{"embeddable":true,"href":"https:\/\/elcensornoticias.com\/index.php?rest_route=\/wp\/v2\/media\/35279"}],"wp:attachment":[{"href":"https:\/\/elcensornoticias.com\/index.php?rest_route=%2Fwp%2Fv2%2Fmedia&parent=35278"}],"wp:term":[{"taxonomy":"category","embeddable":true,"href":"https:\/\/elcensornoticias.com\/index.php?rest_route=%2Fwp%2Fv2%2Fcategories&post=35278"},{"taxonomy":"post_tag","embeddable":true,"href":"https:\/\/elcensornoticias.com\/index.php?rest_route=%2Fwp%2Fv2%2Ftags&post=35278"}],"curies":[{"name":"wp","href":"https:\/\/api.w.org\/{rel}","templated":true}]}}