{"id":35263,"date":"2023-11-14T23:23:56","date_gmt":"2023-11-14T23:23:56","guid":{"rendered":"http:\/\/elcensornoticias.com\/?p=35263"},"modified":"2023-11-14T23:23:59","modified_gmt":"2023-11-14T23:23:59","slug":"investigacion-por-hechos-suscitados-en-san-pablo-del-monte","status":"publish","type":"post","link":"https:\/\/elcensornoticias.com\/?p=35263","title":{"rendered":"INVESTIGACI\u00d3N POR HECHOS SUSCITADOS EN SAN PABLO DEL MONTE"},"content":{"rendered":"\n<p>El agente del Ministerio P\u00fablico del fuero com\u00fan de la Procuradur\u00eda General de Justicia del Estado (PGJE) inici\u00f3 una carpeta de investigaci\u00f3n por los hechos suscitados la madrugada del 14 de noviembre en el municipio de San Pablo del Monte.<\/p>\n\n\n\n<p>A trav\u00e9s del Servicio de Emergencias 911 se report\u00f3 que, un hombre hab\u00eda sido lesionado con un arma de fuego, por lo que elementos policiacos y param\u00e9dicos se trasladaron al lugar, a fin de brindarle la atenci\u00f3n m\u00e9dica correspondiente, siendo trasladado a un Hospital del estado de Puebla, donde perdi\u00f3 la vida.<\/p>\n\n\n\n<p>La Procuradur\u00eda General de Justicia del Estado realizar\u00e1 las pesquisas correspondientes, con el objetivo de hacer cumplir la ley a qui\u00e9n o qui\u00e9nes resulten responsables.<\/p>\n","protected":false},"excerpt":{"rendered":"<p>El agente del Ministerio P\u00fablico del fuero com\u00fan de la Procuradur\u00eda General de Justicia del Estado (PGJE) inici\u00f3 una carpeta de investigaci\u00f3n por los hechos suscitados la madrugada del 14 de noviembre en el municipio de San Pablo del Monte. A trav\u00e9s del Servicio de Emergencias 911 se report\u00f3 que, un hombre hab\u00eda sido lesionado [&hellip;]<\/p>\n","protected":false},"author":1,"featured_media":35264,"comment_status":"open","ping_status":"open","sticky":false,"template":"","format":"standard","meta":{"advanced_seo_description":"","jetpack_seo_html_title":"","jetpack_seo_noindex":false,"footnotes":"","jetpack_publicize_message":"","jetpack_is_tweetstorm":false,"jetpack_publicize_feature_enabled":true,"jetpack_social_post_already_shared":true,"jetpack_social_options":{"image_generator_settings":{"template":"highway","enabled":false}}},"categories":[2,9],"tags":[],"class_list":["post-35263","post","type-post","status-publish","format-standard","has-post-thumbnail","hentry","category-destacadas","category-seguridad"],"jetpack_publicize_connections":[],"jetpack_featured_media_url":"https:\/\/elcensornoticias.com\/wp-content\/uploads\/2023\/11\/IMG-20231114-WA0004.jpg","jetpack_likes_enabled":true,"jetpack_sharing_enabled":true,"jetpack_shortlink":"https:\/\/wp.me\/p6xy50-9aL","_links":{"self":[{"href":"https:\/\/elcensornoticias.com\/index.php?rest_route=\/wp\/v2\/posts\/35263","targetHints":{"allow":["GET"]}}],"collection":[{"href":"https:\/\/elcensornoticias.com\/index.php?rest_route=\/wp\/v2\/posts"}],"about":[{"href":"https:\/\/elcensornoticias.com\/index.php?rest_route=\/wp\/v2\/types\/post"}],"author":[{"embeddable":true,"href":"https:\/\/elcensornoticias.com\/index.php?rest_route=\/wp\/v2\/users\/1"}],"replies":[{"embeddable":true,"href":"https:\/\/elcensornoticias.com\/index.php?rest_route=%2Fwp%2Fv2%2Fcomments&post=35263"}],"version-history":[{"count":1,"href":"https:\/\/elcensornoticias.com\/index.php?rest_route=\/wp\/v2\/posts\/35263\/revisions"}],"predecessor-version":[{"id":35265,"href":"https:\/\/elcensornoticias.com\/index.php?rest_route=\/wp\/v2\/posts\/35263\/revisions\/35265"}],"wp:featuredmedia":[{"embeddable":true,"href":"https:\/\/elcensornoticias.com\/index.php?rest_route=\/wp\/v2\/media\/35264"}],"wp:attachment":[{"href":"https:\/\/elcensornoticias.com\/index.php?rest_route=%2Fwp%2Fv2%2Fmedia&parent=35263"}],"wp:term":[{"taxonomy":"category","embeddable":true,"href":"https:\/\/elcensornoticias.com\/index.php?rest_route=%2Fwp%2Fv2%2Fcategories&post=35263"},{"taxonomy":"post_tag","embeddable":true,"href":"https:\/\/elcensornoticias.com\/index.php?rest_route=%2Fwp%2Fv2%2Ftags&post=35263"}],"curies":[{"name":"wp","href":"https:\/\/api.w.org\/{rel}","templated":true}]}}