{"id":35238,"date":"2023-11-14T00:54:31","date_gmt":"2023-11-14T00:54:31","guid":{"rendered":"http:\/\/elcensornoticias.com\/?p=35238"},"modified":"2023-11-14T00:54:33","modified_gmt":"2023-11-14T00:54:33","slug":"autoridades-de-chiautempan-atestiguan-inauguracion-de-la-clinica-de-las-emociones","status":"publish","type":"post","link":"https:\/\/elcensornoticias.com\/?p=35238","title":{"rendered":"AUTORIDADES DE CHIAUTEMPAN ATESTIGUAN INAUGURACI\u00d3N DE LA CL\u00cdNICA DE LAS EMOCIONES"},"content":{"rendered":"\n<p>El Presidente Municipal Gustavo Jim\u00e9nez Romero y la Presidenta Honor\u00edfica del Sistema Municipal para el Desarrollo Integral de la Familia (SMDIF), M\u00f3nica Jim\u00e9nez Ram\u00edrez asistieron a la Inauguraci\u00f3n de la Cl\u00ednica de las Emociones.<\/p>\n\n\n\n<p>El Edil de Chiautempan se congratul\u00f3 por esta cl\u00ednica, al reiterar que la Gobernadora Lorena Cu\u00e9llar preocupada en la salud de los tlaxcaltecas, materializa este importante proyecto con el prop\u00f3sito de acercar a la ciudadan\u00eda atenci\u00f3n integral en salud mental, as\u00ed como para prevenir adicciones.<\/p>\n\n\n\n<p>En su mensaje, la Gobernadora del Estado, Lorena Cu\u00e9llar Cisneros se\u00f1al\u00f3 a todos los presentes que, Tlaxcala ya cuenta con una nueva Cl\u00ednica de las Emociones para combatir las adicciones y atender enfermedades mentales, \u201cd\u00f3nde brindar\u00e1 apoyo en educaci\u00f3n emocional para facilitar actitudes positivas ante la vida y que permitan el desarrollo de habilidades sociales como parte del bienestar social\u201d.<\/p>\n\n\n\n<p>En las antiguas instalaciones del Centro de Justicia para las Mujeres (CJM), la Presidenta Honor\u00edfica del Sistema Estatal DIF, Mariana Espinosa de los Monteros Cu\u00e9llar detall\u00f3 que, este proyecto es un testimonio del compromiso con la ciudadan\u00eda, sino adem\u00e1s, un faro de esperanza para todos los habitantes del estado, por lo que, \u201cse brindar\u00e1 servicios en apoyo a padecimientos como la depresi\u00f3n, prevenci\u00f3n del suicidio, las adicciones y enfermedades mentales, garantizando la salud de los tlaxcaltecas\u201d.<\/p>\n\n\n\n<p>A est\u00e1 inauguraci\u00f3n tambi\u00e9n asistieron: Mary Cruz Cort\u00e9s Ornelas, Magistrada Presidenta del Tribunal Superior de Justicia del Estado (TSJE); Jos\u00e9 Javier Mendoza Vel\u00e1zquez, Director General de la Comisi\u00f3n Nacional de Salud Mental y Adicciones; la Presidenta de la Comisi\u00f3n Estatal de Derechos Humanos (CEDH), Jakqueline Ord\u00f3\u00f1ez Brasdefer, as\u00ed&nbsp; como de las diputadas M\u00f3nica S\u00e1nchez Angulo y Gabriela Espinoza Brito Jim\u00e9nez.<\/p>\n","protected":false},"excerpt":{"rendered":"<p>El Presidente Municipal Gustavo Jim\u00e9nez Romero y la Presidenta Honor\u00edfica del Sistema Municipal para el Desarrollo Integral de la Familia (SMDIF), M\u00f3nica Jim\u00e9nez Ram\u00edrez asistieron a la Inauguraci\u00f3n de la Cl\u00ednica de las Emociones. El Edil de Chiautempan se congratul\u00f3 por esta cl\u00ednica, al reiterar que la Gobernadora Lorena Cu\u00e9llar preocupada en la salud de [&hellip;]<\/p>\n","protected":false},"author":1,"featured_media":35239,"comment_status":"open","ping_status":"open","sticky":false,"template":"","format":"standard","meta":{"advanced_seo_description":"","jetpack_seo_html_title":"","jetpack_seo_noindex":false,"footnotes":"","jetpack_publicize_message":"","jetpack_is_tweetstorm":false,"jetpack_publicize_feature_enabled":true,"jetpack_social_post_already_shared":true,"jetpack_social_options":{"image_generator_settings":{"template":"highway","enabled":false}}},"categories":[2,10],"tags":[],"class_list":["post-35238","post","type-post","status-publish","format-standard","has-post-thumbnail","hentry","category-destacadas","category-municipios"],"jetpack_publicize_connections":[],"jetpack_featured_media_url":"https:\/\/elcensornoticias.com\/wp-content\/uploads\/2023\/11\/IMG-20231113-WA0035.jpg","jetpack_likes_enabled":true,"jetpack_sharing_enabled":true,"jetpack_shortlink":"https:\/\/wp.me\/p6xy50-9am","_links":{"self":[{"href":"https:\/\/elcensornoticias.com\/index.php?rest_route=\/wp\/v2\/posts\/35238","targetHints":{"allow":["GET"]}}],"collection":[{"href":"https:\/\/elcensornoticias.com\/index.php?rest_route=\/wp\/v2\/posts"}],"about":[{"href":"https:\/\/elcensornoticias.com\/index.php?rest_route=\/wp\/v2\/types\/post"}],"author":[{"embeddable":true,"href":"https:\/\/elcensornoticias.com\/index.php?rest_route=\/wp\/v2\/users\/1"}],"replies":[{"embeddable":true,"href":"https:\/\/elcensornoticias.com\/index.php?rest_route=%2Fwp%2Fv2%2Fcomments&post=35238"}],"version-history":[{"count":1,"href":"https:\/\/elcensornoticias.com\/index.php?rest_route=\/wp\/v2\/posts\/35238\/revisions"}],"predecessor-version":[{"id":35240,"href":"https:\/\/elcensornoticias.com\/index.php?rest_route=\/wp\/v2\/posts\/35238\/revisions\/35240"}],"wp:featuredmedia":[{"embeddable":true,"href":"https:\/\/elcensornoticias.com\/index.php?rest_route=\/wp\/v2\/media\/35239"}],"wp:attachment":[{"href":"https:\/\/elcensornoticias.com\/index.php?rest_route=%2Fwp%2Fv2%2Fmedia&parent=35238"}],"wp:term":[{"taxonomy":"category","embeddable":true,"href":"https:\/\/elcensornoticias.com\/index.php?rest_route=%2Fwp%2Fv2%2Fcategories&post=35238"},{"taxonomy":"post_tag","embeddable":true,"href":"https:\/\/elcensornoticias.com\/index.php?rest_route=%2Fwp%2Fv2%2Ftags&post=35238"}],"curies":[{"name":"wp","href":"https:\/\/api.w.org\/{rel}","templated":true}]}}