{"id":2319,"date":"2021-09-28T00:33:44","date_gmt":"2021-09-28T00:33:44","guid":{"rendered":"http:\/\/elcensornoticias.com\/?p=2319"},"modified":"2021-09-28T00:33:47","modified_gmt":"2021-09-28T00:33:47","slug":"el-inali-realizo-la-inauguracion-de-la-jornada-nacional-por-la-reconstruccion-linguistica-de-mexico","status":"publish","type":"post","link":"https:\/\/elcensornoticias.com\/?p=2319","title":{"rendered":"El INALI realiz\u00f3 la inauguraci\u00f3n de la Jornada Nacional por la Reconstrucci\u00f3n Ling\u00fc\u00edstica de M\u00e9xico"},"content":{"rendered":"\n<ul class=\"wp-block-list\"><li>Mixba&#8217;al uti&#8217;al to&#8217;on xma&#8217; to&#8217;on (Maya).&nbsp;\u201cNada para nosotros, sin nosotros\u201d<\/li><li>En la sesi\u00f3n participan 224 expertas y expertos ind\u00edgenas respaldados por 50 instituciones federales, estatales, municipales, comunitarias y de la sociedad civil<\/li><\/ul>\n\n\n\n<p>Con el objetivo de abrir espacios de discusi\u00f3n para analizar mecanismos que permitan garantizar la participaci\u00f3n incluyente y propositiva de los pueblos ind\u00edgenas en la elaboraci\u00f3n del Plan de Acci\u00f3n de M\u00e9xico rumbo al Decenio Internacional de las Lenguas Ind\u00edgenas 2022-2032, la Secretar\u00eda de Cultura del Gobierno de M\u00e9xico, a trav\u00e9s del Instituto Nacional de Lenguas Ind\u00edgenas (INALI), inaugur\u00f3 la Jornada Nacional por la Reconstrucci\u00f3n Ling\u00fc\u00edstica del pa\u00eds, en el marco de la conmemoraci\u00f3n de los 200 a\u00f1os de la consumaci\u00f3n de la Independencia de M\u00e9xico.<\/p>\n\n\n\n<p>La sesi\u00f3n, que se llev\u00f3 a cabo en modalidad h\u00edbrida, desde la sede de la Secretar\u00eda de Cultura del Gobierno de M\u00e9xico, en Tlaxcala, el director general del INALI, Juan Gregorio Regino, se\u00f1al\u00f3 que esta reuni\u00f3n permitir\u00e1 unir voces y pensamientos por una causa com\u00fan. Agradeci\u00f3 la participaci\u00f3n y apoyo de 224 participantes en todo el pa\u00eds, respaldados por 50 instituciones federales, estatales, municipales, comunitarias y de la sociedad civil, lo que permitir\u00e1 consolidar un mecanismo de di\u00e1logo y coordinaci\u00f3n comunitaria e institucional por el patrimonio ling\u00fc\u00edstico de M\u00e9xico.<\/p>\n\n\n\n<p>Dijo que el lema \u201cNada para nosotros, sin nosotros\u201d es una gu\u00eda de la pol\u00edtica ling\u00fc\u00edstica del INALI, de acuerdo con los ejes de trabajo marcados por la secretaria de Cultura del Gobierno de M\u00e9xico, Alejandra Frausto Guerrero.<\/p>\n\n\n\n<p>En este contexto, el funcionario expres\u00f3 su deseo de que los trabajos que se desarrollen en esta jornada nacional afiancen la soberan\u00eda ling\u00fc\u00edstica de los pueblos ind\u00edgenas, impulsen su autonom\u00eda, incidan en la equidad de los saberes de la educaci\u00f3n y hagan patente su lucha por una naci\u00f3n multicultural y multiling\u00fce, porque \u201ces hora de la transformaci\u00f3n desde el M\u00e9xico profundo\u201d.<\/p>\n\n\n\n<p>En esta reuni\u00f3n nacional, participaron la coordinadora de programaci\u00f3n cultural de la Secretar\u00eda de Cultura federal, en la sede de Tlaxcala, Elena Hern\u00e1ndez de Valle-Arizpe; la representante de los pueblos ind\u00edgenas ante la Organizaci\u00f3n de las Naciones Unidas (ONU), Irma Pineda Santiago; la poeta tu\u2019un Savi Nadia L\u00f3pez Garc\u00eda; el presidente de la Academia de la Lengua tu\u2019un savi, Cresenciano Hern\u00e1ndez Cuevas; la directora de Educaci\u00f3n Intercultural de la Direcci\u00f3n General de Educaci\u00f3n Superior Universitaria e Intercultural de la Secretar\u00eda de Educaci\u00f3n P\u00fablica (SEP), Mar\u00eda de los \u00c1ngeles Gordillo Casta\u00f1eda; el representante de la Direcci\u00f3n General de Educaci\u00f3n Intercultural y Biling\u00fce de la Subsecretaria de Educaci\u00f3n B\u00e1sica de la SEP, Filem\u00f3n Beltr\u00e1n Morales, y el director del Instituto Tlaxcalteca de Cultura, Antonio Mart\u00ednez Vel\u00e1zquez.<\/p>\n\n\n\n<p>Hern\u00e1ndez de Valle-Arizpe dijo que la inauguraci\u00f3n de esta jornada adquiere importancia porque se realiza en el marco de los 200 a\u00f1os de la consumaci\u00f3n de la Independencia de M\u00e9xico y representa una nueva forma de aquilatar a las culturas ind\u00edgenas.<\/p>\n\n\n\n<p>A su vez, Pineda Santiago mencion\u00f3 que la lucha por fortalecer las lenguas ind\u00edgenas est\u00e1 \u00edntimamente ligada a la lucha por los territorios ind\u00edgenas y, se\u00f1al\u00f3 que estos trabajos permitir\u00e1n reflexionar las acciones que hay que tomar para fortalecer las lenguas y reconfigurar las redes y sistemas comunitarios.<\/p>\n\n\n\n<p>El representante de la oficina de la UNESCO en M\u00e9xico, Fr\u00e9d\u00e9ric Vacheron, en un mensaje videograbado, se\u00f1al\u00f3 que la salvaguarda y revitalizaci\u00f3n de las lenguas ind\u00edgenas se vuelven requisitos indispensables para la inclusi\u00f3n y la igualdad, adem\u00e1s de ser condiciones clave para construir sociedades m\u00e1s participativas, equitativas, fortalecidas y abiertas.<\/p>\n\n\n\n<p>En su oportunidad, Gordillo Casta\u00f1eda afirm\u00f3 que en las comunidades ind\u00edgenas el lenguaje se ha aprendido a trav\u00e9s de las palabras de los abuelos, de la convivencia en fiestas y reuniones comunitarias, en el campo, en las palabras de ofrecimiento al r\u00edo, al viento, a la monta\u00f1a, y destac\u00f3 que en esos espacios es donde se ense\u00f1a el sentido de comunidad y pertenencia.<\/p>\n\n\n\n<p>Al hacer uso de la voz, Mart\u00ednez Vel\u00e1zquez afirm\u00f3 que el otom\u00ed, lengua que se habla en esa entidad junto con el n\u00e1huatl, son idiomas que institucionalmente han sido relegados e inform\u00f3 que la nueva administraci\u00f3n que encabeza la gobernadora Lorena Cu\u00e9llar Cisneros construir\u00e1 una universidad intercultural para darle un impulso a la preservaci\u00f3n de las lenguas ind\u00edgenas nacionales.<\/p>\n\n\n\n<p>Posteriormente, desde las cinco regiones etnoling\u00fc\u00edsticas en que se dividi\u00f3 el pa\u00eds para esta reuni\u00f3n, representantes ind\u00edgenas de diversos pueblos y comunidades, a trav\u00e9s de una comunicaci\u00f3n virtual, enviaron mensajes en los que coincidieron en la necesidad de terminar con el racismo, la discriminaci\u00f3n y la exclusi\u00f3n de los pueblos ind\u00edgenas y demandaron mayores presupuestos para preservar las lenguas originarias.<\/p>\n\n\n\n<p>Las sedes de las regiones etnoling\u00fc\u00edsticas, que se realiza hoy:<\/p>\n\n\n\n<p>1.-Regi\u00f3n Norte en Hermosillo, Sonora, con hablantes de los estados de Baja California, Baja California Sur, Coahuila, Chihuahua, Nuevo Le\u00f3n, Sonora y Tamaulipas.<\/p>\n\n\n\n<p>2.- Regi\u00f3n Baj\u00edo-Pacifico, en Tepic, Nayarit, con hablantes de los estados Aguascalientes, Colima, Durango, Guanajuato, Jalisco, Michoac\u00e1n, Nayarit, Quer\u00e9taro, Sinaloa y Zacatecas.<\/p>\n\n\n\n<p>3.- Regi\u00f3n Centro-Huasteca-Golfo, en Puebla, Puebla, con hablantes de Hidalgo, Morelos, Nuevo Le\u00f3n, San Luis Potos\u00ed, Ciudad de M\u00e9xico, Edomex, Puebla, Tlaxcala y Veracruz.<\/p>\n\n\n\n<p>4.- Regi\u00f3n Pac\u00edfico-Sur, en Oaxaca, Oaxaca, con hablantes de Guerrero y Oaxaca.<\/p>\n\n\n\n<p>5.- Regi\u00f3n del Mayab, donde participan hablantes de Campeche, Chiapas, Quintana Roo, Tabasco y Yucat\u00e1n.<\/p>\n\n\n\n<p>Las personas que enviaron sus mensajes desde cada regi\u00f3n fueron Rosa Mar\u00eda Santa\u00f1ino Palomo, hablante de guarij\u00edo; Inocencia Arellano, hablante de o\ua78bdam (tepehuano del sur); Erika L\u00f3pez, hablante de la lengua h\u00f1\u00e4h\u00f1u (otom\u00ed); Margarita Melania Cortes M\u00e1rquez, hablante de ayuujk (mixe); y Mayusa Gonz\u00e1lez, hablante de maayat\ua78baan (maya), respectivamente.<\/p>\n\n\n\n<p>Cabe mencionar que los trabajos de la Jornada Nacional por la Reconstrucci\u00f3n de las Lenguas Ind\u00edgenas Nacionales, que se realizan solo hoy, se pueden consultar en el Facebook, Twitter y YouTube del INALI.<\/p>\n","protected":false},"excerpt":{"rendered":"<p>Mixba&#8217;al uti&#8217;al to&#8217;on xma&#8217; to&#8217;on (Maya).&nbsp;\u201cNada para nosotros, sin nosotros\u201d En la sesi\u00f3n participan 224 expertas y expertos ind\u00edgenas respaldados por 50 instituciones federales, estatales, municipales, comunitarias y de la sociedad civil Con el objetivo de abrir espacios de discusi\u00f3n para analizar mecanismos que permitan garantizar la participaci\u00f3n incluyente y propositiva de los pueblos ind\u00edgenas [&hellip;]<\/p>\n","protected":false},"author":1,"featured_media":2320,"comment_status":"open","ping_status":"open","sticky":false,"template":"","format":"standard","meta":{"advanced_seo_description":"","jetpack_seo_html_title":"","jetpack_seo_noindex":false,"footnotes":"","jetpack_publicize_message":"","jetpack_is_tweetstorm":false,"jetpack_publicize_feature_enabled":true,"jetpack_social_post_already_shared":false,"jetpack_social_options":{"image_generator_settings":{"template":"highway","enabled":false}}},"categories":[26,4],"tags":[],"class_list":["post-2319","post","type-post","status-publish","format-standard","has-post-thumbnail","hentry","category-cultura","category-noticias"],"jetpack_publicize_connections":[],"jetpack_featured_media_url":"https:\/\/elcensornoticias.com\/wp-content\/uploads\/2021\/09\/Foto_Comunicado_Tlaxacala.jpg","jetpack_likes_enabled":true,"jetpack_sharing_enabled":true,"jetpack_shortlink":"https:\/\/wp.me\/p6xy50-Bp","_links":{"self":[{"href":"https:\/\/elcensornoticias.com\/index.php?rest_route=\/wp\/v2\/posts\/2319","targetHints":{"allow":["GET"]}}],"collection":[{"href":"https:\/\/elcensornoticias.com\/index.php?rest_route=\/wp\/v2\/posts"}],"about":[{"href":"https:\/\/elcensornoticias.com\/index.php?rest_route=\/wp\/v2\/types\/post"}],"author":[{"embeddable":true,"href":"https:\/\/elcensornoticias.com\/index.php?rest_route=\/wp\/v2\/users\/1"}],"replies":[{"embeddable":true,"href":"https:\/\/elcensornoticias.com\/index.php?rest_route=%2Fwp%2Fv2%2Fcomments&post=2319"}],"version-history":[{"count":1,"href":"https:\/\/elcensornoticias.com\/index.php?rest_route=\/wp\/v2\/posts\/2319\/revisions"}],"predecessor-version":[{"id":2321,"href":"https:\/\/elcensornoticias.com\/index.php?rest_route=\/wp\/v2\/posts\/2319\/revisions\/2321"}],"wp:featuredmedia":[{"embeddable":true,"href":"https:\/\/elcensornoticias.com\/index.php?rest_route=\/wp\/v2\/media\/2320"}],"wp:attachment":[{"href":"https:\/\/elcensornoticias.com\/index.php?rest_route=%2Fwp%2Fv2%2Fmedia&parent=2319"}],"wp:term":[{"taxonomy":"category","embeddable":true,"href":"https:\/\/elcensornoticias.com\/index.php?rest_route=%2Fwp%2Fv2%2Fcategories&post=2319"},{"taxonomy":"post_tag","embeddable":true,"href":"https:\/\/elcensornoticias.com\/index.php?rest_route=%2Fwp%2Fv2%2Ftags&post=2319"}],"curies":[{"name":"wp","href":"https:\/\/api.w.org\/{rel}","templated":true}]}}