{"id":2276,"date":"2021-09-25T00:19:10","date_gmt":"2021-09-25T00:19:10","guid":{"rendered":"http:\/\/elcensornoticias.com\/?p=2276"},"modified":"2021-09-25T00:19:14","modified_gmt":"2021-09-25T00:19:14","slug":"se-reune-comision-de-derechos-humanos-del-congreso-con-la-ombudsperson-de-tlaxcala","status":"publish","type":"post","link":"https:\/\/elcensornoticias.com\/?p=2276","title":{"rendered":"SE RE\u00daNE COMISI\u00d3N DE DERECHOS HUMANOS DEL CONGRESO CON LA OMBUDSPERSON DE TLAXCALA"},"content":{"rendered":"\n<p><em>Desde el Poder Legislativo se trabajar\u00e1 para recuperar la confianza de la ciudadan\u00eda y garantizar el libre ejercicio de los derechos humanos.<\/em><\/p>\n\n\n\n<p>EL CENSOR\/ La Comisi\u00f3n de Derechos Humanos, Grupos Vulnerables y Derechos de las Ni\u00f1as, Ni\u00f1os y Adolescentes del Congreso del Estado, que preside la legisladora Diana Torrej\u00f3n Rodr\u00edguez, sostuvo una reuni\u00f3n de trabajo con la Presidenta de la Comisi\u00f3n Estatal de Derechos Humanos (CEDH), Jakqueline Ordo\u00f1ez Brasdefer, as\u00ed como las y los consejeros que la integran, a fin de establecer las \u00e1reas de oportunidad de trabajo conjunto para garantizar un ejercicio pleno de los derechos de las y los tlaxcaltecas.<\/p>\n\n\n\n<p>En esta mesa de trabajo se expuso la situaci\u00f3n actual en la que se encuentra Tlaxcala en la materia, sus avances y los retos para ambas comisiones, bajo el principio fundamental de devolver la credibilidad y confianza de la ciudadan\u00eda sobre la defensa de los derechos humanos y las instituciones defensoras.<\/p>\n\n\n\n<p>Las y los congresistas integrantes de esta comisi\u00f3n consideraron indispensable la funci\u00f3n y acciones que se pueden ejercer desde el Poder Legislativo, a fin de darle un oportuno seguimiento a la cultura de paz y la erradicaci\u00f3n de la discriminaci\u00f3n en todas sus caracter\u00edsticas.<\/p>\n\n\n\n<p>Al mismo tiempo, se comprometieron en mantener acciones afirmativas para vigilar el actuar de las autoridades y servidores p\u00fablicos, y en caso de existir alguna recomendaci\u00f3n hacia alguna autoridad y que \u00e9sta no quiera dar respuesta, el Congreso est\u00e9 facultado para exigir una explicaci\u00f3n del porqu\u00e9 de su rechazo. &nbsp;<\/p>\n\n\n\n<p>Este d\u00eda, las diputadas Diana Torrej\u00f3n Rodr\u00edguez, Lupita Cuamatzi Aguayo, Brenda Cecilia Villantes Rodr\u00edguez, Lorena Ruiz Garc\u00eda, y el diputado Bladimir Zainos Flores, ratificaron su compromiso de trabajar de manera coordinada con la CEDH, con el firme objetivo de priorizar el trabajo digno que merece la ciudadan\u00eda tlaxcalteca.<\/p>\n\n\n\n<p>La mesa trabajo marca la pauta para las actividades de difusi\u00f3n y capacitaci\u00f3n que se efectuar\u00e1n el pr\u00f3ximo 8 de octubre con las y los regidores del Estado, que tendr\u00e1 a bien encabezar la Comisi\u00f3n de Derechos Humanos, Grupos Vulnerables y Derechos de las Ni\u00f1as, Ni\u00f1os y Adolescentes del Poder Legislativo.&nbsp;<\/p>\n","protected":false},"excerpt":{"rendered":"<p>Desde el Poder Legislativo se trabajar\u00e1 para recuperar la confianza de la ciudadan\u00eda y garantizar el libre ejercicio de los derechos humanos. EL CENSOR\/ La Comisi\u00f3n de Derechos Humanos, Grupos Vulnerables y Derechos de las Ni\u00f1as, Ni\u00f1os y Adolescentes del Congreso del Estado, que preside la legisladora Diana Torrej\u00f3n Rodr\u00edguez, sostuvo una reuni\u00f3n de trabajo [&hellip;]<\/p>\n","protected":false},"author":1,"featured_media":2277,"comment_status":"open","ping_status":"open","sticky":false,"template":"","format":"standard","meta":{"advanced_seo_description":"","jetpack_seo_html_title":"","jetpack_seo_noindex":false,"footnotes":"","jetpack_publicize_message":"","jetpack_is_tweetstorm":false,"jetpack_publicize_feature_enabled":true,"jetpack_social_post_already_shared":false,"jetpack_social_options":{"image_generator_settings":{"template":"highway","enabled":false}}},"categories":[5,27],"tags":[],"class_list":["post-2276","post","type-post","status-publish","format-standard","has-post-thumbnail","hentry","category-carrucel","category-congreso"],"jetpack_publicize_connections":[],"jetpack_featured_media_url":"https:\/\/elcensornoticias.com\/wp-content\/uploads\/2021\/09\/Comision_DerechosHumanos.jpg","jetpack_likes_enabled":true,"jetpack_sharing_enabled":true,"jetpack_shortlink":"https:\/\/wp.me\/p6xy50-AI","_links":{"self":[{"href":"https:\/\/elcensornoticias.com\/index.php?rest_route=\/wp\/v2\/posts\/2276","targetHints":{"allow":["GET"]}}],"collection":[{"href":"https:\/\/elcensornoticias.com\/index.php?rest_route=\/wp\/v2\/posts"}],"about":[{"href":"https:\/\/elcensornoticias.com\/index.php?rest_route=\/wp\/v2\/types\/post"}],"author":[{"embeddable":true,"href":"https:\/\/elcensornoticias.com\/index.php?rest_route=\/wp\/v2\/users\/1"}],"replies":[{"embeddable":true,"href":"https:\/\/elcensornoticias.com\/index.php?rest_route=%2Fwp%2Fv2%2Fcomments&post=2276"}],"version-history":[{"count":1,"href":"https:\/\/elcensornoticias.com\/index.php?rest_route=\/wp\/v2\/posts\/2276\/revisions"}],"predecessor-version":[{"id":2278,"href":"https:\/\/elcensornoticias.com\/index.php?rest_route=\/wp\/v2\/posts\/2276\/revisions\/2278"}],"wp:featuredmedia":[{"embeddable":true,"href":"https:\/\/elcensornoticias.com\/index.php?rest_route=\/wp\/v2\/media\/2277"}],"wp:attachment":[{"href":"https:\/\/elcensornoticias.com\/index.php?rest_route=%2Fwp%2Fv2%2Fmedia&parent=2276"}],"wp:term":[{"taxonomy":"category","embeddable":true,"href":"https:\/\/elcensornoticias.com\/index.php?rest_route=%2Fwp%2Fv2%2Fcategories&post=2276"},{"taxonomy":"post_tag","embeddable":true,"href":"https:\/\/elcensornoticias.com\/index.php?rest_route=%2Fwp%2Fv2%2Ftags&post=2276"}],"curies":[{"name":"wp","href":"https:\/\/api.w.org\/{rel}","templated":true}]}}