{"id":2270,"date":"2021-09-24T23:44:17","date_gmt":"2021-09-24T23:44:17","guid":{"rendered":"http:\/\/elcensornoticias.com\/?p=2270"},"modified":"2021-09-24T23:44:19","modified_gmt":"2021-09-24T23:44:19","slug":"cumplio-opd-salud-de-tlaxcala-mandato-judicial-para-vacunar-a-ocho-menores-de-edad-contra-la-covid-19","status":"publish","type":"post","link":"https:\/\/elcensornoticias.com\/?p=2270","title":{"rendered":"CUMPLI\u00d3 OPD SALUD DE TLAXCALA MANDATO JUDICIAL PARA VACUNAR A OCHO MENORES DE EDAD CONTRA LA COVID-19"},"content":{"rendered":"\n<p>Ocho menores de 18 a\u00f1os recibieron su primera dosis del biol\u00f3gico Pfizer contra Covid-19.<\/p>\n\n\n\n<p>En cumplimiento a los amparos dictados por la autoridad judicial federal del Primero, Segundo y Tercer Juzgado de Distrito a favor de ocho menores de edad para la aplicaci\u00f3n de la vacuna contra el Covid-19, este viernes fueron inoculados en el Centro de Salud Urbano de Tlaxcala.<\/p>\n\n\n\n<p>Tras ser valorados por personal m\u00e9dico del Hospital Infantil de Tlaxcala (HIT) de la Secretar\u00eda de Salud (SESA) y corroborar que se encontraban en buen estado, se dio cumplimiento al mandato judicial.<\/p>\n\n\n\n<p>Fueron cinco mujeres y tres varones con edades de 12 a 17 a\u00f1os, que recibieron sus primeras dosis de la farmac\u00e9utica Pfizer ante la presencia de personal de la delegaci\u00f3n de la Secretar\u00eda del Bienestar.<\/p>\n\n\n\n<p>La SESA report\u00f3 que los menores de edad recibieron su primera dosis despu\u00e9s de que la autoridad federal fall\u00f3 a su favor, por tanto, se trata de casos especiales, al ser vacunas otorgadas mediante amparos.<\/p>\n\n\n\n<p>Ninguno de los menores de edad present\u00f3 reacciones adversas posterior a la vacunaci\u00f3n, tras los 30 minutos de observaci\u00f3n se retiraron con buen estado de salud.<\/p>\n","protected":false},"excerpt":{"rendered":"<p>Ocho menores de 18 a\u00f1os recibieron su primera dosis del biol\u00f3gico Pfizer contra Covid-19. En cumplimiento a los amparos dictados por la autoridad judicial federal del Primero, Segundo y Tercer Juzgado de Distrito a favor de ocho menores de edad para la aplicaci\u00f3n de la vacuna contra el Covid-19, este viernes fueron inoculados en el [&hellip;]<\/p>\n","protected":false},"author":1,"featured_media":2271,"comment_status":"open","ping_status":"open","sticky":false,"template":"","format":"standard","meta":{"advanced_seo_description":"","jetpack_seo_html_title":"","jetpack_seo_noindex":false,"footnotes":"","jetpack_publicize_message":"","jetpack_is_tweetstorm":false,"jetpack_publicize_feature_enabled":true,"jetpack_social_post_already_shared":false,"jetpack_social_options":{"image_generator_settings":{"template":"highway","enabled":false}}},"categories":[5,3],"tags":[],"class_list":["post-2270","post","type-post","status-publish","format-standard","has-post-thumbnail","hentry","category-carrucel","category-gobierno"],"jetpack_publicize_connections":[],"jetpack_featured_media_url":"https:\/\/elcensornoticias.com\/wp-content\/uploads\/2021\/09\/240921_SESA_VACUNA_MENORES-2.jpeg","jetpack_likes_enabled":true,"jetpack_sharing_enabled":true,"jetpack_shortlink":"https:\/\/wp.me\/p6xy50-AC","_links":{"self":[{"href":"https:\/\/elcensornoticias.com\/index.php?rest_route=\/wp\/v2\/posts\/2270","targetHints":{"allow":["GET"]}}],"collection":[{"href":"https:\/\/elcensornoticias.com\/index.php?rest_route=\/wp\/v2\/posts"}],"about":[{"href":"https:\/\/elcensornoticias.com\/index.php?rest_route=\/wp\/v2\/types\/post"}],"author":[{"embeddable":true,"href":"https:\/\/elcensornoticias.com\/index.php?rest_route=\/wp\/v2\/users\/1"}],"replies":[{"embeddable":true,"href":"https:\/\/elcensornoticias.com\/index.php?rest_route=%2Fwp%2Fv2%2Fcomments&post=2270"}],"version-history":[{"count":1,"href":"https:\/\/elcensornoticias.com\/index.php?rest_route=\/wp\/v2\/posts\/2270\/revisions"}],"predecessor-version":[{"id":2272,"href":"https:\/\/elcensornoticias.com\/index.php?rest_route=\/wp\/v2\/posts\/2270\/revisions\/2272"}],"wp:featuredmedia":[{"embeddable":true,"href":"https:\/\/elcensornoticias.com\/index.php?rest_route=\/wp\/v2\/media\/2271"}],"wp:attachment":[{"href":"https:\/\/elcensornoticias.com\/index.php?rest_route=%2Fwp%2Fv2%2Fmedia&parent=2270"}],"wp:term":[{"taxonomy":"category","embeddable":true,"href":"https:\/\/elcensornoticias.com\/index.php?rest_route=%2Fwp%2Fv2%2Fcategories&post=2270"},{"taxonomy":"post_tag","embeddable":true,"href":"https:\/\/elcensornoticias.com\/index.php?rest_route=%2Fwp%2Fv2%2Ftags&post=2270"}],"curies":[{"name":"wp","href":"https:\/\/api.w.org\/{rel}","templated":true}]}}