{"id":2258,"date":"2021-09-24T23:27:04","date_gmt":"2021-09-24T23:27:04","guid":{"rendered":"http:\/\/elcensornoticias.com\/?p=2258"},"modified":"2021-09-24T23:27:06","modified_gmt":"2021-09-24T23:27:06","slug":"cultura-comunitaria-colaborara-en-xalapa-viva","status":"publish","type":"post","link":"https:\/\/elcensornoticias.com\/?p=2258","title":{"rendered":"Cultura Comunitaria colaborar\u00e1 en Xalapa Viva."},"content":{"rendered":"\n<ul class=\"wp-block-list\"><li><strong>Se ofrecer\u00e1 una charla virtual sobre t\u00e9cnicas de intercambio de saberes y formas de mediaci\u00f3n cultural<\/strong><\/li><\/ul>\n\n\n\n<p>El s\u00e1bado 25 de septiembre, a las 17:00 horas, el programa Cultura Comunitaria de la Secretar\u00eda de Cultura federal, participar\u00e1 en&nbsp;<em>Xalapa Viva. Encuentros de participaci\u00f3n comunitaria 2021<\/em>&nbsp;con la charla, presencial y virtual, \u201cLenguajes art\u00edsticos y pedagog\u00edas liberadoras\u201d en la cual se dialogar\u00e1 sobre las diversas t\u00e9cnicas de intercambio de saberes y las formas de mediaci\u00f3n cultural para la transformaci\u00f3n positiva de comunidades.&nbsp;<\/p>\n\n\n\n<p>Dicho conversatorio podr\u00e1 ser visto por medio del Facebook de la Direcci\u00f3n General de Vinculaci\u00f3n Cultural (@VinculaCultura) y el Facebook de la Subdirecci\u00f3n de Cultura de Xalapa (@CulturaXalapa). Quienes se encuentren en Xalapa pueden acudir de forma presencial a esta pl\u00e1tica en la Telesecundaria \u201cJos\u00e9 Vasconcelos\u201d, ubicada en calle Principal sin n\u00famero, colonia Centro, El Castillo; el acceso es gratuito.<\/p>\n\n\n\n<p>El evento&nbsp;<em>Xalapa Viva. Encuentros de participaci\u00f3n comunitaria 2021<\/em>&nbsp;es una serie de presentaciones, talleres y mesas de di\u00e1logo, organizadas por el Ayuntamiento de Xalapa, Veracruz, como miembro activo de la Red IberCultura Viva de Ciudades y Gobiernos Locales, con el objetivo de compartir saberes, fortalecer la inclusi\u00f3n comunitaria y promover la participaci\u00f3n ciudadana, as\u00ed como ampliar la red de colaboraci\u00f3n entre ciudadanos, organismos de la sociedad civil e instituciones gubernamentales.<\/p>\n\n\n\n<p>Cabe recordar que IberCultura Viva, programa iberoamericano de cooperaci\u00f3n intergubernamental presidido por M\u00e9xico a trav\u00e9s de la Secretar\u00eda de Cultura del Gobierno de M\u00e9xico, busca fortalecer y visibilizar la diversidad cultural&nbsp;de sus 11 pa\u00edses miembros (Argentina, Brasil, Chile, Colombia, Costa Rica, El Salvador, Ecuador, Espa\u00f1a, M\u00e9xico, Per\u00fa y Uruguay) mediante la realizaci\u00f3n de pol\u00edticas p\u00fablicas y el desarrollo de acciones culturales de base comunitaria.<\/p>\n\n\n\n<p>Es importante mencionar que&nbsp;<em>Xalapa Viva. Encuentros de participaci\u00f3n comunitaria 2021&nbsp;<\/em>iniciar\u00e1 su programaci\u00f3n presencial el s\u00e1bado 25 de septiembre a partirlas 10:30 horas, con otras mesas de di\u00e1logo y diferentes presentaciones art\u00edsticas de danza, literatura, teatro y oficios tradicionales; continuar\u00e1 el d\u00eda s\u00e1bado 16 de octubre, s\u00e1bado 27 y domingo 28 de noviembre en diferentes sedes de Xalapa, el programa completo se puede consultar en:&nbsp;<a href=\"https:\/\/bit.ly\/3im0ZtB\" target=\"_blank\" rel=\"noreferrer noopener\">https:\/\/bit.ly\/3im0ZtB<\/a><\/p>\n","protected":false},"excerpt":{"rendered":"<p>Se ofrecer\u00e1 una charla virtual sobre t\u00e9cnicas de intercambio de saberes y formas de mediaci\u00f3n cultural El s\u00e1bado 25 de septiembre, a las 17:00 horas, el programa Cultura Comunitaria de la Secretar\u00eda de Cultura federal, participar\u00e1 en&nbsp;Xalapa Viva. Encuentros de participaci\u00f3n comunitaria 2021&nbsp;con la charla, presencial y virtual, \u201cLenguajes art\u00edsticos y pedagog\u00edas liberadoras\u201d en la [&hellip;]<\/p>\n","protected":false},"author":1,"featured_media":2259,"comment_status":"open","ping_status":"open","sticky":false,"template":"","format":"standard","meta":{"advanced_seo_description":"","jetpack_seo_html_title":"","jetpack_seo_noindex":false,"footnotes":"","jetpack_publicize_message":"","jetpack_is_tweetstorm":false,"jetpack_publicize_feature_enabled":true,"jetpack_social_post_already_shared":false,"jetpack_social_options":{"image_generator_settings":{"template":"highway","enabled":false}}},"categories":[26,4],"tags":[],"class_list":["post-2258","post","type-post","status-publish","format-standard","has-post-thumbnail","hentry","category-cultura","category-noticias"],"jetpack_publicize_connections":[],"jetpack_featured_media_url":"https:\/\/elcensornoticias.com\/wp-content\/uploads\/2021\/09\/Cultura-Comunitaria-colaborara-en-Xalapa-Viva.-Encuentros-de-participacion-comunitaria-2021-1.jpeg","jetpack_likes_enabled":true,"jetpack_sharing_enabled":true,"jetpack_shortlink":"https:\/\/wp.me\/p6xy50-Aq","_links":{"self":[{"href":"https:\/\/elcensornoticias.com\/index.php?rest_route=\/wp\/v2\/posts\/2258","targetHints":{"allow":["GET"]}}],"collection":[{"href":"https:\/\/elcensornoticias.com\/index.php?rest_route=\/wp\/v2\/posts"}],"about":[{"href":"https:\/\/elcensornoticias.com\/index.php?rest_route=\/wp\/v2\/types\/post"}],"author":[{"embeddable":true,"href":"https:\/\/elcensornoticias.com\/index.php?rest_route=\/wp\/v2\/users\/1"}],"replies":[{"embeddable":true,"href":"https:\/\/elcensornoticias.com\/index.php?rest_route=%2Fwp%2Fv2%2Fcomments&post=2258"}],"version-history":[{"count":1,"href":"https:\/\/elcensornoticias.com\/index.php?rest_route=\/wp\/v2\/posts\/2258\/revisions"}],"predecessor-version":[{"id":2260,"href":"https:\/\/elcensornoticias.com\/index.php?rest_route=\/wp\/v2\/posts\/2258\/revisions\/2260"}],"wp:featuredmedia":[{"embeddable":true,"href":"https:\/\/elcensornoticias.com\/index.php?rest_route=\/wp\/v2\/media\/2259"}],"wp:attachment":[{"href":"https:\/\/elcensornoticias.com\/index.php?rest_route=%2Fwp%2Fv2%2Fmedia&parent=2258"}],"wp:term":[{"taxonomy":"category","embeddable":true,"href":"https:\/\/elcensornoticias.com\/index.php?rest_route=%2Fwp%2Fv2%2Fcategories&post=2258"},{"taxonomy":"post_tag","embeddable":true,"href":"https:\/\/elcensornoticias.com\/index.php?rest_route=%2Fwp%2Fv2%2Ftags&post=2258"}],"curies":[{"name":"wp","href":"https:\/\/api.w.org\/{rel}","templated":true}]}}