{"id":2250,"date":"2021-09-24T23:12:46","date_gmt":"2021-09-24T23:12:46","guid":{"rendered":"http:\/\/elcensornoticias.com\/?p=2250"},"modified":"2021-09-24T23:12:50","modified_gmt":"2021-09-24T23:12:50","slug":"acuerdan-gobiernos-federal-estatal-y-municipal-unir-esfuerzos-para-fortalecer-la-seguridad-de-las-y-los-tlaxcaltecas","status":"publish","type":"post","link":"https:\/\/elcensornoticias.com\/?p=2250","title":{"rendered":"Acuerdan gobiernos federal, estatal y municipal unir esfuerzos para fortalecer la seguridad de las y los tlaxcaltecas."},"content":{"rendered":"\n<p>La gobernadora Lorena Cu\u00e9llar Cisneros instal\u00f3 y tom\u00f3 protesta al Consejo Estatal de Seguridad en el que participan instancias de los tres niveles de gobierno, con la finalidad de fortalecer estrategias que permitan hacer frente a la delincuencia y construir una nueva historia para Tlaxcala.<br>En el Sal\u00f3n Rojo de Palacio de Gobierno, la titular del Ejecutivo local destac\u00f3 la importancia del trabajo coordinado para la seguridad de la entidad \u201cme da gusto la muestra de compromiso de quienes vamos a dirigir todas las acciones encaminadas a salvaguardar la seguridad de las y los tlaxcaltecas\u201d.<br>Enfatiz\u00f3 que el Consejo dar\u00e1 resultados visibles pues la seguridad p\u00fablica es uno de sus principales compromisos hechos con la poblaci\u00f3n, de ah\u00ed la importancia de que participen los tres \u00f3rdenes de gobierno en trabajos vinculados que garanticen el bienestar de las familias de Tlaxcala.<br>Cu\u00e9llar Cisneros tom\u00f3 protesta a los integrantes en cumplimiento a la Ley General del Sistema Nacional de Seguridad P\u00fablica en sus art\u00edculos 34, 35 y 37, as\u00ed como a la Ley de Seguridad P\u00fablica del Estado de Tlaxcala y sus municipios, en sus art\u00edculos 189 y 190.<br>El Consejo Estatal de Seguridad qued\u00f3 integrado por la gobernadora, Lorena Cu\u00e9llar Cisneros como presidenta; el secretario de Gobierno, Sergio Gonz\u00e1lez Hern\u00e1ndez como vicepresidente; adem\u00e1s del presidente del Tribunal Superior de Justicia (TSJE), H\u00e9ctor Maldonado Bonilla; del comandante de la 23 Zona Militar, Jos\u00e9 Joaqu\u00edn Jim\u00e9nez Cueto; del coordinador Estatal de la Guardia Nacional (GN), Jaime Contreras Ch\u00e1vez; de la procuradora General de Justicia del Estado (PGJE), Ernestina Carro Rold\u00e1n y de la subdelegada encargada del despacho de la Fiscal\u00eda General de la Rep\u00fablica (FGR), Mariana Navarro Delgado.<br>As\u00ed como por el secretario de Seguridad Ciudadana (SSC), Alfredo \u00c1lvarez Valenzuela; el representante de la Secretar\u00eda de Gobernaci\u00f3n, Manuel Alejandro Guzm\u00e1n Soledad; el comisionado Ejecutivo del Sistema Estatal de Seguridad P\u00fablica, Maximino Hern\u00e1ndez Pulido; la Secretar\u00eda de Movilidad y Transportes, Luz Mar\u00eda V\u00e1zquez \u00c1vila; del representante del Centro Nacional de Inteligencia, Gabriel Barboza Baldomino; del secretario t\u00e9cnico estatal de Seguridad y Protecci\u00f3n Ciudadana, Fernando Nicol\u00e1s Cuapio Cuapio, y de los presidentes municipales de Tlaxcala y Apizaco, Jorge Corichi Fragoso y Pablo Badillo S\u00e1nchez, respectivamente.<br>Finalmente, durante la reuni\u00f3n fueron nombrados como representantes de la entidad ante la Conferencia Nacional de Seguridad P\u00fablica Municipal, a los alcaldes de Tlaxcala y Apizaco.<\/p>\n","protected":false},"excerpt":{"rendered":"<p>La gobernadora Lorena Cu\u00e9llar Cisneros instal\u00f3 y tom\u00f3 protesta al Consejo Estatal de Seguridad en el que participan instancias de los tres niveles de gobierno, con la finalidad de fortalecer estrategias que permitan hacer frente a la delincuencia y construir una nueva historia para Tlaxcala.En el Sal\u00f3n Rojo de Palacio de Gobierno, la titular del [&hellip;]<\/p>\n","protected":false},"author":1,"featured_media":2251,"comment_status":"open","ping_status":"open","sticky":false,"template":"","format":"standard","meta":{"advanced_seo_description":"","jetpack_seo_html_title":"","jetpack_seo_noindex":false,"footnotes":"","jetpack_publicize_message":"","jetpack_is_tweetstorm":false,"jetpack_publicize_feature_enabled":true,"jetpack_social_post_already_shared":false,"jetpack_social_options":{"image_generator_settings":{"template":"highway","enabled":false}}},"categories":[5,3],"tags":[],"class_list":["post-2250","post","type-post","status-publish","format-standard","has-post-thumbnail","hentry","category-carrucel","category-gobierno"],"jetpack_publicize_connections":[],"jetpack_featured_media_url":"https:\/\/elcensornoticias.com\/wp-content\/uploads\/2021\/09\/IMG-20210924-WA0015.jpg","jetpack_likes_enabled":true,"jetpack_sharing_enabled":true,"jetpack_shortlink":"https:\/\/wp.me\/p6xy50-Ai","_links":{"self":[{"href":"https:\/\/elcensornoticias.com\/index.php?rest_route=\/wp\/v2\/posts\/2250","targetHints":{"allow":["GET"]}}],"collection":[{"href":"https:\/\/elcensornoticias.com\/index.php?rest_route=\/wp\/v2\/posts"}],"about":[{"href":"https:\/\/elcensornoticias.com\/index.php?rest_route=\/wp\/v2\/types\/post"}],"author":[{"embeddable":true,"href":"https:\/\/elcensornoticias.com\/index.php?rest_route=\/wp\/v2\/users\/1"}],"replies":[{"embeddable":true,"href":"https:\/\/elcensornoticias.com\/index.php?rest_route=%2Fwp%2Fv2%2Fcomments&post=2250"}],"version-history":[{"count":1,"href":"https:\/\/elcensornoticias.com\/index.php?rest_route=\/wp\/v2\/posts\/2250\/revisions"}],"predecessor-version":[{"id":2252,"href":"https:\/\/elcensornoticias.com\/index.php?rest_route=\/wp\/v2\/posts\/2250\/revisions\/2252"}],"wp:featuredmedia":[{"embeddable":true,"href":"https:\/\/elcensornoticias.com\/index.php?rest_route=\/wp\/v2\/media\/2251"}],"wp:attachment":[{"href":"https:\/\/elcensornoticias.com\/index.php?rest_route=%2Fwp%2Fv2%2Fmedia&parent=2250"}],"wp:term":[{"taxonomy":"category","embeddable":true,"href":"https:\/\/elcensornoticias.com\/index.php?rest_route=%2Fwp%2Fv2%2Fcategories&post=2250"},{"taxonomy":"post_tag","embeddable":true,"href":"https:\/\/elcensornoticias.com\/index.php?rest_route=%2Fwp%2Fv2%2Ftags&post=2250"}],"curies":[{"name":"wp","href":"https:\/\/api.w.org\/{rel}","templated":true}]}}