{"id":2244,"date":"2021-09-24T23:01:05","date_gmt":"2021-09-24T23:01:05","guid":{"rendered":"http:\/\/elcensornoticias.com\/?p=2244"},"modified":"2021-09-24T23:01:09","modified_gmt":"2021-09-24T23:01:09","slug":"efectuaron-uatx-y-autonoma-de-nayarit-coloquio-sobre-genero-y-estudios-culturales","status":"publish","type":"post","link":"https:\/\/elcensornoticias.com\/?p=2244","title":{"rendered":"Efectuaron UATx y Aut\u00f3noma de Nayarit coloquio sobre g\u00e9nero y estudios culturales"},"content":{"rendered":"\n<p><strong>Participaron de 18 instituciones del pa\u00eds.<\/strong><\/p>\n\n\n\n<p>Como parte del trabajo de vinculaci\u00f3n que desarrolla la Universidad Aut\u00f3noma de Tlaxcala (UATx), la Facultad de Trabajo Social, Sociolog\u00eda y Psicolog\u00eda, y la Universidad Aut\u00f3noma de Nayarit (UAN), llevaron a cabo el \u201cX Coloquio de g\u00e9nero y estudios culturales\u201d, organizado por las Maestr\u00edas de Estudios de G\u00e9nero de ambas instituciones, en el que intervinieron 18 Casas de Estudio del pa\u00eds.<\/p>\n\n\n\n<p>En el mensaje de apertura, el Dr. Adri\u00e1n Navarrete M\u00e9ndez, Secretario General, en representaci\u00f3n del Mtro. Jorge Ignacio Pe\u00f1a Gonz\u00e1lez, Rector de la UAN, detall\u00f3 la importancia de propiciar el intercambio de reflexiones que aborden la perspectiva de g\u00e9nero, tomando en cuenta las relaciones sociales en torno a los cuidados y la gesti\u00f3n de la vida, a partir de las condiciones establecidas en esta pandemia.<\/p>\n\n\n\n<p>En su intervenci\u00f3n, la Dra. Edith Mendieta Mendieta, coordinadora del posgrado en Estudios de G\u00e9nero de la Facultad de Trabajo Social, Sociolog\u00eda y Psicolog\u00eda de la UATx, enfatiz\u00f3 que, el prop\u00f3sito de este encuentro, es construir un espacio con aportaciones de distintos enfoques acerca del an\u00e1lisis de g\u00e9nero, ah\u00ed que, la vinculaci\u00f3n entre instituciones, es de realce para impulsar nuevas l\u00edneas de investigaci\u00f3n.&nbsp;<\/p>\n\n\n\n<p>En tanto, la Mtra. X\u00f3chitl Castell\u00f3n Fonseca, coordinadora del \u00e1rea de Ciencias Sociales y Humanidades de la UAN, dijo que, este tipo de foros permiten obtener nuevo conocimiento y consolidan el trabajo de investigaci\u00f3n que realiza el Cuerpo Acad\u00e9mico (CA) \u201cSociedad y Regi\u00f3n\u201d, el cual aborda t\u00f3picos vigentes y acordes a la realidad global.<\/p>\n\n\n\n<p>As\u00ed mismo, la Dra. Ma. del Roc\u00edo Figueroa Varela,&nbsp;Coordinadora de la Maestr\u00eda en Estudios de G\u00e9nero de la UAN, coment\u00f3 que, esta actividad acad\u00e9mica, busca contribuir a la erradicaci\u00f3n de a\u00f1ejas problem\u00e1ticas que violentan las relaciones entre los g\u00e9neros en diversos contextos.<\/p>\n\n\n\n<p>Durante dos d\u00edas de trabajo, se impartieron 49 ponencias en seis mesas de reflexi\u00f3n, denominadas: \u201cBiopol\u00edtica, salud y cuidados\u201d; \u201cEl descuidado institucional\u201d; \u201cCuerpos y cuidados invisibles\u201d; \u201cG\u00e9nero y elecciones 2021\u201d; \u201cActivismo y cuidado\u201d; y \u201cPedagog\u00edas para el cuidado\u201d.<\/p>\n\n\n\n<p>Adem\u00e1s, se dictaron las conferencias magistrales: \u201cLos cuidados y la gesti\u00f3n de la vida\u201d, por la Mtra. Martha Patricia Aguilar Medina, coordinadora del programa interdisciplinario de estudios de g\u00e9nero de la Universidad Aut\u00f3noma de Quer\u00e9taro (UAQ); y \u201cMujer, poder y perspectiva de g\u00e9nero\u201d, a cargo de Elsa Cordero Mart\u00ednez, Magistrada en retiro y Secretaria de Estudio de la Presidencia del Tribunal Superior Agrario (TSA).<\/p>\n\n\n\n<p>Y se llev\u00f3 cabo el panel: \u201cEl aborto como cuidado de vida\u201d, y se desarrollaron los talleres de \u201cCartograf\u00edas del cuidado\u201d, por el Instituto de Geograf\u00eda de la Universidad Nacional Aut\u00f3noma de M\u00e9xico (UNAM); y \u201cCuidados y masculinidades\u201d, por el Mtro. Ian Zavala P\u00e9rez de la Aut\u00f3noma de Nayarit.<\/p>\n","protected":false},"excerpt":{"rendered":"<p>Participaron de 18 instituciones del pa\u00eds. Como parte del trabajo de vinculaci\u00f3n que desarrolla la Universidad Aut\u00f3noma de Tlaxcala (UATx), la Facultad de Trabajo Social, Sociolog\u00eda y Psicolog\u00eda, y la Universidad Aut\u00f3noma de Nayarit (UAN), llevaron a cabo el \u201cX Coloquio de g\u00e9nero y estudios culturales\u201d, organizado por las Maestr\u00edas de Estudios de G\u00e9nero de [&hellip;]<\/p>\n","protected":false},"author":1,"featured_media":2245,"comment_status":"open","ping_status":"open","sticky":false,"template":"","format":"standard","meta":{"advanced_seo_description":"","jetpack_seo_html_title":"","jetpack_seo_noindex":false,"footnotes":"","jetpack_publicize_message":"","jetpack_is_tweetstorm":false,"jetpack_publicize_feature_enabled":true,"jetpack_social_post_already_shared":false,"jetpack_social_options":{"image_generator_settings":{"template":"highway","enabled":false}}},"categories":[5,28],"tags":[],"class_list":["post-2244","post","type-post","status-publish","format-standard","has-post-thumbnail","hentry","category-carrucel","category-educacion"],"jetpack_publicize_connections":[],"jetpack_featured_media_url":"https:\/\/elcensornoticias.com\/wp-content\/uploads\/2021\/09\/24-Efectuaron-UATx-y-Autonoma-de-Nayarit-coloquio-sobre-genero-y-estudios-culturales.jpg","jetpack_likes_enabled":true,"jetpack_sharing_enabled":true,"jetpack_shortlink":"https:\/\/wp.me\/p6xy50-Ac","_links":{"self":[{"href":"https:\/\/elcensornoticias.com\/index.php?rest_route=\/wp\/v2\/posts\/2244","targetHints":{"allow":["GET"]}}],"collection":[{"href":"https:\/\/elcensornoticias.com\/index.php?rest_route=\/wp\/v2\/posts"}],"about":[{"href":"https:\/\/elcensornoticias.com\/index.php?rest_route=\/wp\/v2\/types\/post"}],"author":[{"embeddable":true,"href":"https:\/\/elcensornoticias.com\/index.php?rest_route=\/wp\/v2\/users\/1"}],"replies":[{"embeddable":true,"href":"https:\/\/elcensornoticias.com\/index.php?rest_route=%2Fwp%2Fv2%2Fcomments&post=2244"}],"version-history":[{"count":1,"href":"https:\/\/elcensornoticias.com\/index.php?rest_route=\/wp\/v2\/posts\/2244\/revisions"}],"predecessor-version":[{"id":2246,"href":"https:\/\/elcensornoticias.com\/index.php?rest_route=\/wp\/v2\/posts\/2244\/revisions\/2246"}],"wp:featuredmedia":[{"embeddable":true,"href":"https:\/\/elcensornoticias.com\/index.php?rest_route=\/wp\/v2\/media\/2245"}],"wp:attachment":[{"href":"https:\/\/elcensornoticias.com\/index.php?rest_route=%2Fwp%2Fv2%2Fmedia&parent=2244"}],"wp:term":[{"taxonomy":"category","embeddable":true,"href":"https:\/\/elcensornoticias.com\/index.php?rest_route=%2Fwp%2Fv2%2Fcategories&post=2244"},{"taxonomy":"post_tag","embeddable":true,"href":"https:\/\/elcensornoticias.com\/index.php?rest_route=%2Fwp%2Fv2%2Ftags&post=2244"}],"curies":[{"name":"wp","href":"https:\/\/api.w.org\/{rel}","templated":true}]}}