{"id":2232,"date":"2021-09-24T22:48:21","date_gmt":"2021-09-24T22:48:21","guid":{"rendered":"http:\/\/elcensornoticias.com\/?p=2232"},"modified":"2021-09-24T22:48:25","modified_gmt":"2021-09-24T22:48:25","slug":"acuerdan-trabajo-coordinado-a-favor-de-los-derechos-de-las-mujeres-de-tlaxcala-capital","status":"publish","type":"post","link":"https:\/\/elcensornoticias.com\/?p=2232","title":{"rendered":"Acuerdan trabajo coordinado a favor de los derechos de las mujeres de Tlaxcala capital"},"content":{"rendered":"\n<p>Integrantes del Ayuntamiento, titulares de \u00e1reas y representantes de comunidades coincidieron en homologar estrategias para diagnosticar, prevenir y erradicar la violencia de g\u00e9nero en el municipio.<\/p>\n\n\n\n<p>Con la finalidad de promover e impulsar acciones afirmativas para las mujeres desde una perspectiva de g\u00e9nero, el Presidente Municipal de Tlaxcala, Jorge Corichi, encabez\u00f3 este d\u00eda una mesa de trabajo entre representantes de los Centros para el Desarrollo de las Mujeres (CDM), el Instituto Estatal de la Mujer (IEM) y el Instituto Municipal de la Mujer (IMM).Ante la Secretaria del Ayuntamiento, Katy Ver\u00f3nica Valenzuela, la titular del Instituto Municipal de la Mujer, Yazmin Calder\u00f3n; as\u00ed como Regidoras y representantes de las 11 comunidades, el presidente Jorge Corichi dej\u00f3 en claro su disposici\u00f3n para generar entornos donde se garantice el pleno goce de los derechos humanos a las mujeres y las infancias, en concordancia con las pol\u00edticas p\u00fablicas del gobierno estatal y federal.<\/p>\n\n\n\n<p>\u201cRespaldamos desde este espacio municipal de gobierno las acciones porque significan la oportunidad de conjuntar esfuerzos entre los distintos niveles de gobierno para impulsar una pol\u00edtica de igualdad, justicia y de bienestar general de la mujer\u201d, expres\u00f3 el alcalde en su intervenci\u00f3n.<\/p>\n\n\n\n<p>Por su parte, Ilse Lizeth Hern\u00e1ndez Romero, promotora del IEM, expuso que la finalidad de los Centros para el Desarrollo es la de informar y orientar a las mujeres sobre programas, recursos y servicios de los tres \u00f3rdenes de gobierno y de la sociedad civil que contribuyan a su empoderamiento y en caso de sufrir alg\u00fan tipo de violencia, sean canalizadas a las instancias adecuadas para su atenci\u00f3n integral.<\/p>\n\n\n\n<p>Durante la mesa de trabajo, las integrantes del Ayuntamiento de Tlaxcala y representantes de las comunidades, expusieron propuestas para mejorar las funciones de estos centros en Tlaxcala.<\/p>\n\n\n\n<p>La responsable del Instituto Municipal de las Mujeres, Yazmin Calder\u00f3n, indic\u00f3 que las din\u00e1micas para fortalecer y desarrollar las habilidades, conocimientos y capacidades de las mujeres deben llevarse a cada una de las comunidades, de la mano del IEM.<\/p>\n\n\n\n<p>Por su parte, la Regidora Mirza Estefan\u00eda Amaral S\u00e1nchez, Secretaria de la Comisi\u00f3n de Derechos Humanos y Equidad de G\u00e9nero, solicit\u00f3 a la directora del IEM y a cada una de las representantes de atenci\u00f3n a las mujeres en cada comunidad, \u201cque realicen Mesas de Trabajo para que entre hombres y mujeres se puedan implementar acciones coordinadas entre los niveles de gobierno y contribuir de manera integral al desarrollo de la ciudadan\u00eda\u201d<\/p>\n\n\n\n<p>As\u00ed, todas las asistentes coincidieron en que es preciso homologar estrategias para diagnosticar, prevenir y erradicar la violencia de g\u00e9nero y del mismo modo, se sumaron a este programa federal que en Tlaxcala Capital cuenta con un m\u00f3dulo de atenci\u00f3n permanente.\u00a0<\/p>\n","protected":false},"excerpt":{"rendered":"<p>Integrantes del Ayuntamiento, titulares de \u00e1reas y representantes de comunidades coincidieron en homologar estrategias para diagnosticar, prevenir y erradicar la violencia de g\u00e9nero en el municipio. Con la finalidad de promover e impulsar acciones afirmativas para las mujeres desde una perspectiva de g\u00e9nero, el Presidente Municipal de Tlaxcala, Jorge Corichi, encabez\u00f3 este d\u00eda una mesa [&hellip;]<\/p>\n","protected":false},"author":1,"featured_media":2233,"comment_status":"open","ping_status":"open","sticky":false,"template":"","format":"standard","meta":{"advanced_seo_description":"","jetpack_seo_html_title":"","jetpack_seo_noindex":false,"footnotes":"","jetpack_publicize_message":"","jetpack_is_tweetstorm":false,"jetpack_publicize_feature_enabled":true,"jetpack_social_post_already_shared":false,"jetpack_social_options":{"image_generator_settings":{"template":"highway","enabled":false}}},"categories":[2,10],"tags":[],"class_list":["post-2232","post","type-post","status-publish","format-standard","has-post-thumbnail","hentry","category-destacadas","category-municipios"],"jetpack_publicize_connections":[],"jetpack_featured_media_url":"https:\/\/elcensornoticias.com\/wp-content\/uploads\/2021\/09\/IMG-20210923-WA0016.jpg","jetpack_likes_enabled":true,"jetpack_sharing_enabled":true,"jetpack_shortlink":"https:\/\/wp.me\/p6xy50-A0","_links":{"self":[{"href":"https:\/\/elcensornoticias.com\/index.php?rest_route=\/wp\/v2\/posts\/2232","targetHints":{"allow":["GET"]}}],"collection":[{"href":"https:\/\/elcensornoticias.com\/index.php?rest_route=\/wp\/v2\/posts"}],"about":[{"href":"https:\/\/elcensornoticias.com\/index.php?rest_route=\/wp\/v2\/types\/post"}],"author":[{"embeddable":true,"href":"https:\/\/elcensornoticias.com\/index.php?rest_route=\/wp\/v2\/users\/1"}],"replies":[{"embeddable":true,"href":"https:\/\/elcensornoticias.com\/index.php?rest_route=%2Fwp%2Fv2%2Fcomments&post=2232"}],"version-history":[{"count":1,"href":"https:\/\/elcensornoticias.com\/index.php?rest_route=\/wp\/v2\/posts\/2232\/revisions"}],"predecessor-version":[{"id":2234,"href":"https:\/\/elcensornoticias.com\/index.php?rest_route=\/wp\/v2\/posts\/2232\/revisions\/2234"}],"wp:featuredmedia":[{"embeddable":true,"href":"https:\/\/elcensornoticias.com\/index.php?rest_route=\/wp\/v2\/media\/2233"}],"wp:attachment":[{"href":"https:\/\/elcensornoticias.com\/index.php?rest_route=%2Fwp%2Fv2%2Fmedia&parent=2232"}],"wp:term":[{"taxonomy":"category","embeddable":true,"href":"https:\/\/elcensornoticias.com\/index.php?rest_route=%2Fwp%2Fv2%2Fcategories&post=2232"},{"taxonomy":"post_tag","embeddable":true,"href":"https:\/\/elcensornoticias.com\/index.php?rest_route=%2Fwp%2Fv2%2Ftags&post=2232"}],"curies":[{"name":"wp","href":"https:\/\/api.w.org\/{rel}","templated":true}]}}