{"id":2201,"date":"2021-09-24T00:28:58","date_gmt":"2021-09-24T00:28:58","guid":{"rendered":"http:\/\/elcensornoticias.com\/?p=2201"},"modified":"2021-09-24T00:29:02","modified_gmt":"2021-09-24T00:29:02","slug":"celebra-cijurep-de-la-uatx-su-39-aniversario","status":"publish","type":"post","link":"https:\/\/elcensornoticias.com\/?p=2201","title":{"rendered":"Celebra CIJUREP de la UATx su 39 Aniversario"},"content":{"rendered":"\n<p><strong>Con el coloquio \u201cM\u00e9xico en el Bicentenario de la consumaci\u00f3n de su Independencia 1821-2021\u201d<\/strong><strong><\/strong><\/p>\n\n\n\n<p>En el marco del 39 Aniversario del Centro de Investigaciones Jur\u00eddico-Pol\u00edticas (CIJUREP) de la Universidad Aut\u00f3noma de Tlaxcala (UATx), el Rector, Dr. Luis Gonz\u00e1lez Placencia, inaugur\u00f3 el coloquio: \u201cM\u00e9xico en el Bicentenario de la consumaci\u00f3n de su Independencia 1821-2021\u201d, con la participaci\u00f3n de destacados especialistas en este t\u00f3pico.<\/p>\n\n\n\n<p>En su mensaje, el Dr. Gonz\u00e1lez Placencia se\u00f1al\u00f3 que, este Centro de Investigaci\u00f3n a lo largo de su labor, se ha hecho cargo del an\u00e1lisis de temas del derecho con perspectiva hist\u00f3rica, dando voz a figuras de nivel nacional e internacional, quienes han hecho aportaciones a esta \u00e1rea del saber.<\/p>\n\n\n\n<p>Indic\u00f3 que, para la UATx, fue un objetivo medular que la celebraci\u00f3n de este hecho hist\u00f3rico no quedar\u00e1 sin ser abordado y referenciado por la importancia que reviste para el pa\u00eds, de igual forma, el festejo correspondiente al 39 Aniversario del CIJUREP, por lo que, las aproximaciones que desde aqu\u00ed se planteen, tendr\u00e1n una repercusi\u00f3n en las l\u00edneas de indagaci\u00f3n de este acontecimiento.&nbsp;<\/p>\n\n\n\n<p>En tanto, el Dr. Fernando Tenorio Tagle, Coordinador General del Centro de Investigaciones Jur\u00eddico-Pol\u00edticas, dijo que, el programa que se ha preparado para este coloquio, tiene como meta hacer un recorrido hist\u00f3rico a 200 a\u00f1os de este suceso de gran significado para los mexicanos, y que, sin duda, ayudar\u00e1 a la reconstrucci\u00f3n del mismo bajo diversas aristas.&nbsp;<\/p>\n\n\n\n<p>En su intervenci\u00f3n, el Dr. Seraf\u00edn Ortiz, Coordinador Cient\u00edfico del CIJUREP, subray\u00f3 que, este foro permitir\u00e1 reflexionar por qu\u00e9 M\u00e9xico es independiente y la connotaci\u00f3n que se debe tener a dos siglos de este logro, que nos ilustra acerca de los valores republicanos.<\/p>\n\n\n\n<p>Asent\u00f3 que, los 39 a\u00f1os de este Centro de Investigaci\u00f3n, son una motivaci\u00f3n, ya que se ha convertido en una plataforma y un referente de alta docencia, que est\u00e1 posicionado justo en la frontera de las reconstrucciones cient\u00edficas, acad\u00e9micas y desde luego, hist\u00f3ricas.<\/p>\n\n\n\n<p>M\u00e1s adelante, el Dr. Jos\u00e9 Luis Soberanes Fern\u00e1ndez, coordinador de este coloquio, apunt\u00f3 que, con esta actividad, en la Aut\u00f3noma de Tlaxcala se reflexiona sobre este pasaje hist\u00f3rico con el que M\u00e9xico empez\u00f3 a conformarse como una naci\u00f3n soberana y aut\u00f3noma, de ah\u00ed la relevancia de celebrarlo de manera digna a trav\u00e9s de expertos, ya que, como resultado de esta lucha, se lleg\u00f3 a la Constituci\u00f3n de 1824.<\/p>\n\n\n\n<p>En dos d\u00edas de trabajo, se abordar\u00e1n ejes tem\u00e1ticos como: \u201cAcantonada con el disfraz del ingl\u00e9s, puede ser nuestra enemiga: Milicia y crisis pol\u00edtica en Nueva Espa\u00f1a, 1808- 1810\u201d; \u201cPardos y mulatos. Insurgencia y contrainsurgencia en la Costa Chica\u201d; e \u201cIndumentaria militar de los altos mandos insurgentes, monarquistas y trigarantes durante el primer imperio mexicano\u201d.<\/p>\n\n\n\n<p>De igual forma: \u201cEl Plan de Iguala y el origen del estado mexicano a 200 a\u00f1os de su promulgaci\u00f3n\u201d, por el Dr. Jos\u00e9 Luis Soberanes Fern\u00e1ndez; y \u201cLa entrada del Ej\u00e9rcito Trigarante a la ciudad de M\u00e9xico a trav\u00e9s del Diario Pol\u00edtico y Militar de M\u00e9xico\u201d, a cargo del Dr. Seraf\u00edn Ortiz, entre otros.<\/p>\n","protected":false},"excerpt":{"rendered":"<p>Con el coloquio \u201cM\u00e9xico en el Bicentenario de la consumaci\u00f3n de su Independencia 1821-2021\u201d En el marco del 39 Aniversario del Centro de Investigaciones Jur\u00eddico-Pol\u00edticas (CIJUREP) de la Universidad Aut\u00f3noma de Tlaxcala (UATx), el Rector, Dr. Luis Gonz\u00e1lez Placencia, inaugur\u00f3 el coloquio: \u201cM\u00e9xico en el Bicentenario de la consumaci\u00f3n de su Independencia 1821-2021\u201d, con la [&hellip;]<\/p>\n","protected":false},"author":1,"featured_media":2202,"comment_status":"open","ping_status":"open","sticky":false,"template":"","format":"standard","meta":{"advanced_seo_description":"","jetpack_seo_html_title":"","jetpack_seo_noindex":false,"footnotes":"","jetpack_publicize_message":"","jetpack_is_tweetstorm":false,"jetpack_publicize_feature_enabled":true,"jetpack_social_post_already_shared":false,"jetpack_social_options":{"image_generator_settings":{"template":"highway","enabled":false}}},"categories":[2,28],"tags":[],"class_list":["post-2201","post","type-post","status-publish","format-standard","has-post-thumbnail","hentry","category-destacadas","category-educacion"],"jetpack_publicize_connections":[],"jetpack_featured_media_url":"https:\/\/elcensornoticias.com\/wp-content\/uploads\/2021\/09\/23-Celebra-CIJUREP-de-la-UATx-su-39-Aniversario.jpg","jetpack_likes_enabled":true,"jetpack_sharing_enabled":true,"jetpack_shortlink":"https:\/\/wp.me\/p6xy50-zv","_links":{"self":[{"href":"https:\/\/elcensornoticias.com\/index.php?rest_route=\/wp\/v2\/posts\/2201","targetHints":{"allow":["GET"]}}],"collection":[{"href":"https:\/\/elcensornoticias.com\/index.php?rest_route=\/wp\/v2\/posts"}],"about":[{"href":"https:\/\/elcensornoticias.com\/index.php?rest_route=\/wp\/v2\/types\/post"}],"author":[{"embeddable":true,"href":"https:\/\/elcensornoticias.com\/index.php?rest_route=\/wp\/v2\/users\/1"}],"replies":[{"embeddable":true,"href":"https:\/\/elcensornoticias.com\/index.php?rest_route=%2Fwp%2Fv2%2Fcomments&post=2201"}],"version-history":[{"count":1,"href":"https:\/\/elcensornoticias.com\/index.php?rest_route=\/wp\/v2\/posts\/2201\/revisions"}],"predecessor-version":[{"id":2203,"href":"https:\/\/elcensornoticias.com\/index.php?rest_route=\/wp\/v2\/posts\/2201\/revisions\/2203"}],"wp:featuredmedia":[{"embeddable":true,"href":"https:\/\/elcensornoticias.com\/index.php?rest_route=\/wp\/v2\/media\/2202"}],"wp:attachment":[{"href":"https:\/\/elcensornoticias.com\/index.php?rest_route=%2Fwp%2Fv2%2Fmedia&parent=2201"}],"wp:term":[{"taxonomy":"category","embeddable":true,"href":"https:\/\/elcensornoticias.com\/index.php?rest_route=%2Fwp%2Fv2%2Fcategories&post=2201"},{"taxonomy":"post_tag","embeddable":true,"href":"https:\/\/elcensornoticias.com\/index.php?rest_route=%2Fwp%2Fv2%2Ftags&post=2201"}],"curies":[{"name":"wp","href":"https:\/\/api.w.org\/{rel}","templated":true}]}}