{"id":2198,"date":"2021-09-24T00:26:19","date_gmt":"2021-09-24T00:26:19","guid":{"rendered":"http:\/\/elcensornoticias.com\/?p=2198"},"modified":"2021-09-24T00:26:23","modified_gmt":"2021-09-24T00:26:23","slug":"el-museo-nacional-de-culturas-populares-festeja-su-39-aniversario","status":"publish","type":"post","link":"https:\/\/elcensornoticias.com\/?p=2198","title":{"rendered":"El Museo Nacional de Culturas Populares festeja su 39 aniversario"},"content":{"rendered":"\n<p><strong>con el lanzamiento de su Repositorio digital&nbsp;<\/strong><\/p>\n\n\n\n<ul class=\"wp-block-list\"><li><strong>Una selecci\u00f3n de 779 piezas del acervo fue digitalizada y se podr\u00e1 consultar en esta plataforma, la primera en M\u00e9xico de este tipo&nbsp;<\/strong><\/li><li><strong>Se cont\u00f3 con el apoyo de las iniciativas \u201cMexicana. Repositorio del patrimonio cultural de M\u00e9xico\u201d, de la DGTIC, de la Secretar\u00eda de Cultura federal, y la desarrolladora brasile\u00f1a del&nbsp;<em>software<\/em>&nbsp;Tainacan.&nbsp;<\/strong><\/li><li><strong>La presentaci\u00f3n se llevar\u00e1 a cabo el 24 de septiembre, a las 18:00 horas, a trav\u00e9s de la p\u00e1gina del MNCP en Facebook&nbsp;<\/strong><\/li><\/ul>\n\n\n\n<p>El Museo Nacional de Culturas Populares (MNCP), de la Secretar\u00eda de Cultura del Gobierno de M\u00e9xico, a trav\u00e9s de la Direcci\u00f3n General de Culturas Populares, Ind\u00edgenas y Urbanas, cumple 39 a\u00f1os y lo celebra con el lanzamiento de su Repositorio digital, una plataforma en l\u00ednea, donde se alojar\u00e1, en una primera etapa, una muestra representativa de 779 im\u00e1genes digitalizadas de las piezas de su acervo, con obras de arte popular y m\u00faltiples ramas artesanales que dan cuenta de la diversidad de identidades y culturas en M\u00e9xico.&nbsp;<\/p>\n\n\n\n<p>El lanzamiento del Repositorio digital del MNCP se llevar\u00e1 a cabo en l\u00ednea, como parte de las actividades de \u201cContigo en la distancia\u201d, el viernes 24 de septiembre, a las 18:00 horas, a trav\u00e9s de la p\u00e1gina @MuseoNacionaldeCulturasPopulares en Facebook. Cabe destacar que esta plataforma, disponible para cualquier usuario en el mundo, es la primera de su tipo desarrollada para un museo en M\u00e9xico, con un&nbsp;<em>software<\/em>&nbsp;accesible que permite articular un ecosistema y estructurar la informaci\u00f3n de las colecciones del recinto, as\u00ed como garantizar la preservaci\u00f3n de piezas que forman parte del patrimonio cultural. Se podr\u00e1 consultar desde la p\u00e1gina del museo en&nbsp;<a href=\"https:\/\/museoculturaspopulares.gob.mx\/\" target=\"_blank\" rel=\"noreferrer noopener\">https:\/\/museoculturaspopulares.gob.mx\/<\/a><\/p>\n","protected":false},"excerpt":{"rendered":"<p>con el lanzamiento de su Repositorio digital&nbsp; Una selecci\u00f3n de 779 piezas del acervo fue digitalizada y se podr\u00e1 consultar en esta plataforma, la primera en M\u00e9xico de este tipo&nbsp; Se cont\u00f3 con el apoyo de las iniciativas \u201cMexicana. Repositorio del patrimonio cultural de M\u00e9xico\u201d, de la DGTIC, de la Secretar\u00eda de Cultura federal, y [&hellip;]<\/p>\n","protected":false},"author":1,"featured_media":2199,"comment_status":"open","ping_status":"open","sticky":false,"template":"","format":"standard","meta":{"advanced_seo_description":"","jetpack_seo_html_title":"","jetpack_seo_noindex":false,"footnotes":"","jetpack_publicize_message":"","jetpack_is_tweetstorm":false,"jetpack_publicize_feature_enabled":true,"jetpack_social_post_already_shared":false,"jetpack_social_options":{"image_generator_settings":{"template":"highway","enabled":false}}},"categories":[26,4],"tags":[],"class_list":["post-2198","post","type-post","status-publish","format-standard","has-post-thumbnail","hentry","category-cultura","category-noticias"],"jetpack_publicize_connections":[],"jetpack_featured_media_url":"https:\/\/elcensornoticias.com\/wp-content\/uploads\/2021\/09\/INVITACION_REPOSITORIO-MNCP_FINAL.png","jetpack_likes_enabled":true,"jetpack_sharing_enabled":true,"jetpack_shortlink":"https:\/\/wp.me\/p6xy50-zs","_links":{"self":[{"href":"https:\/\/elcensornoticias.com\/index.php?rest_route=\/wp\/v2\/posts\/2198","targetHints":{"allow":["GET"]}}],"collection":[{"href":"https:\/\/elcensornoticias.com\/index.php?rest_route=\/wp\/v2\/posts"}],"about":[{"href":"https:\/\/elcensornoticias.com\/index.php?rest_route=\/wp\/v2\/types\/post"}],"author":[{"embeddable":true,"href":"https:\/\/elcensornoticias.com\/index.php?rest_route=\/wp\/v2\/users\/1"}],"replies":[{"embeddable":true,"href":"https:\/\/elcensornoticias.com\/index.php?rest_route=%2Fwp%2Fv2%2Fcomments&post=2198"}],"version-history":[{"count":1,"href":"https:\/\/elcensornoticias.com\/index.php?rest_route=\/wp\/v2\/posts\/2198\/revisions"}],"predecessor-version":[{"id":2200,"href":"https:\/\/elcensornoticias.com\/index.php?rest_route=\/wp\/v2\/posts\/2198\/revisions\/2200"}],"wp:featuredmedia":[{"embeddable":true,"href":"https:\/\/elcensornoticias.com\/index.php?rest_route=\/wp\/v2\/media\/2199"}],"wp:attachment":[{"href":"https:\/\/elcensornoticias.com\/index.php?rest_route=%2Fwp%2Fv2%2Fmedia&parent=2198"}],"wp:term":[{"taxonomy":"category","embeddable":true,"href":"https:\/\/elcensornoticias.com\/index.php?rest_route=%2Fwp%2Fv2%2Fcategories&post=2198"},{"taxonomy":"post_tag","embeddable":true,"href":"https:\/\/elcensornoticias.com\/index.php?rest_route=%2Fwp%2Fv2%2Ftags&post=2198"}],"curies":[{"name":"wp","href":"https:\/\/api.w.org\/{rel}","templated":true}]}}