{"id":2170,"date":"2021-09-22T22:31:28","date_gmt":"2021-09-22T22:31:28","guid":{"rendered":"http:\/\/elcensornoticias.com\/?p=2170"},"modified":"2021-09-22T22:31:32","modified_gmt":"2021-09-22T22:31:32","slug":"los-semilleros-creativos-de-cultura-comunitaria-vuelven-al-escenario-del-auditorio-nacional","status":"publish","type":"post","link":"https:\/\/elcensornoticias.com\/?p=2170","title":{"rendered":"Los Semilleros creativos de Cultura Comunitaria vuelven al escenario del Auditorio Nacional"},"content":{"rendered":"\n<ul class=\"wp-block-list\"><li><strong>Participar\u00e1n m\u00e1s de 1,300 ni\u00f1as, ni\u00f1os y j\u00f3venes de los m\u00e1s de 250 grupos comunitarios de creaci\u00f3n art\u00edstica del pa\u00eds. &nbsp;<\/strong><\/li><li><strong>M\u00e1s de 70 artistas, como Eugenia Le\u00f3n y Javier Camarena, los acompa\u00f1ar\u00e1n en este evento que se llevar\u00e1 a cabo el martes 7 de diciembre. &nbsp;<\/strong><\/li><\/ul>\n\n\n\n<p>M\u00e1s de 1,300 artistas n\u00f3veles y consagrados que forman parte del programa Cultura Comunitaria, de la Secretar\u00eda de Cultura del Gobierno de M\u00e9xico, se dar\u00e1n cita el pr\u00f3ximo martes 7 de diciembre en el Magno evento \u201cTengo un sue\u00f1o 2021\u201d, para mostrar a trav\u00e9s de la m\u00fasica, danza, teatro, circo, literatura, artes visuales, saberes tradicionales y lengua originarias los aires de transformaci\u00f3n que viven desde sus comunidades. &nbsp;<\/p>\n\n\n\n<p>As\u00ed lo anunci\u00f3 la secretaria de Cultura del Gobierno de M\u00e9xico, Alejandra Frausto Guerrero, en conferencia de prensa la ma\u00f1ana de este mi\u00e9rcoles, desde el Auditorio Nacional, cuyo escenario volver\u00e1 a mostrar los sue\u00f1os de ni\u00f1as, ni\u00f1os, j\u00f3venes y docentes que forman parte de los Semilleros creativos que hay en el pa\u00eds. &nbsp;<\/p>\n\n\n\n<p>\u201cEstamos aterrizando un sue\u00f1o colectivo, un sue\u00f1o que tiene que construir esperanza, no tenemos derecho a perder la esperanza y aqu\u00ed se construye cada d\u00eda. Se est\u00e1 construyendo tambi\u00e9n al ser; durante muchos a\u00f1os se nos dijo que lo m\u00e1s importante era tener mucho, tener dinero, tener lo material, y el ser, construir a la persona en comunidad viendo al otro qued\u00f3 de lado. Entonces, hoy, aqu\u00ed, somos un peque\u00f1o grupo de un enorme movimiento que est\u00e1 sucediendo en el pa\u00eds\u201d, coment\u00f3. &nbsp;<\/p>\n\n\n\n<p>La encargada de la pol\u00edtica cultural del pa\u00eds destac\u00f3 que para esta administraci\u00f3n, la cultura no es un accesorio, es un eje de transformaci\u00f3n, para construir un pa\u00eds m\u00e1s justo, por ello, \u201cmiles de ni\u00f1as y ni\u00f1os dejaron de ser espectadores pasivos y se han convertido en actores de arte, de transformaci\u00f3n individual y comunitaria\u201d. &nbsp;<\/p>\n\n\n\n<p>Al hacer uso de la voz, la integrante del Semillero de Teatro de Tlaxiaco, Oaxaca, Mar\u00eda de los \u00c1ngeles Salazar, agradeci\u00f3 a sus compa\u00f1eras y compa\u00f1eros, as\u00ed como a sus docentes y afirm\u00f3: \u201choy puedo decir que yo tambi\u00e9n tengo un sue\u00f1o: el de poder trascender esta nueva forma de vida ante la pandemia y poder superar todos los estragos que nos ha dejado, poder continuar aprendiendo y nunca bajar la guardia ante nada, porque nosotras, las ni\u00f1as y los ni\u00f1os, continuaremos para hacer realidad todas nuestras aspiraciones\u201d.&nbsp;<\/p>\n\n\n\n<p>A su vez, la directora general de Vinculaci\u00f3n Cultural de la Secretar\u00eda de Cultura, Esther Hern\u00e1ndez Torres, afirm\u00f3: \u201cmaestras y maestros, agentes culturales locales trabajan de todo coraz\u00f3n y con la convicci\u00f3n de que la participaci\u00f3n en el arte y la cultura pueden cambiar al mundo y que d\u00eda a d\u00eda, desde sus espacios, pueden transformar nuestro pa\u00eds\u201d.&nbsp;<\/p>\n\n\n\n<p>En su oportunidad, el titular del Sistema Nacional de Fomento Musical, Eduardo Garc\u00eda Barrios, coment\u00f3: \u201ca trav\u00e9s de esta pr\u00e1ctica colectiva del arte, de esta creaci\u00f3n colectiva de la expresi\u00f3n art\u00edstica, es que vamos haciendo una verdadera comunidad y llegamos a una transformaci\u00f3n profunda de cada uno de nosotros y de la sociedad\u201d.&nbsp;<\/p>\n\n\n\n<p>El \u201cMagno evento de Cultura Comunitaria Tengo un sue\u00f1o 2021\u201d, que ocurrir\u00e1 el pr\u00f3ximo 7 de diciembre en el Auditorio Nacional, contar\u00e1 tambi\u00e9n con la participaci\u00f3n de m\u00e1s de 70 artistas invitados como&nbsp;Eugenia Le\u00f3n y Javier Camarena,&nbsp;quienes compartir\u00e1n el escenario con ni\u00f1os, ni\u00f1as y j\u00f3venes participantes.&nbsp;<\/p>\n\n\n\n<p>Asimismo, se sumar\u00e1n de forma transversal distintas \u00e1reas de la Secretar\u00eda de Cultura, entre ellas, el Complejo Cultural Los Pinos;&nbsp;el Instituto Nacional de Bellas Artes y Literatura, con&nbsp;la Compa\u00f1\u00eda Nacional de Teatro; el Centro de la Imagen, y el&nbsp;<a href=\"https:\/\/fonca.cultura.gob.mx\/retribucion-social\/\" target=\"_blank\" rel=\"noreferrer noopener\">Programa de Interacci\u00f3n Cultural y Social<\/a>&nbsp;(PICS), del Sistema de Apoyos a la Creaci\u00f3n y Proyectos Culturales, a trav\u00e9s de 24 de sus creadoras y creadores art\u00edsticos; adem\u00e1s de otras instituciones del Gobierno de M\u00e9xico, como el&nbsp;Instituto Mexicano del Seguro Social.&nbsp;<\/p>\n\n\n\n<p>La inclusi\u00f3n social, igualdad de g\u00e9nero, arte, naturaleza y memoria ser\u00e1n algunos de los temas que se abordar\u00e1n en esta edici\u00f3n 2021 de \u201cTengo un sue\u00f1o\u201d, la cual estar\u00e1 a cargo, en la direcci\u00f3n musical, de Eduardo Garc\u00eda Barrios; en la direcci\u00f3n esc\u00e9nica, Ana Francis Mor; en la direcci\u00f3n art\u00edstica, Gala S\u00e1nchez; en la coordinaci\u00f3n y dise\u00f1o de vestuario, Mar\u00eda y Tolita Figueroa; en la iluminaci\u00f3n, Annette Fradera, en el dise\u00f1o sonoro, V\u00edctor Zapatero, entre otros artistas y creadores como Paola Izquierdo, Mar\u00eda y Tolita Figueroa, Fernando Rivera e Ignacio Paravano. &nbsp;<\/p>\n\n\n\n<p>En la conferencia de prensa tambi\u00e9n se anunci\u00f3 que el 20 de octubre se estrenar\u00e1 en el Auditorio Nacional, el documental&nbsp;<em>Tengo un sue\u00f1o 2019,&nbsp;<\/em>elaborado por el Semillero creativo de Cine de la Ciudad de M\u00e9xico, el cual muestra el proceso creativo y art\u00edstico de ni\u00f1as, ni\u00f1os y j\u00f3venes que participaron en la primera edici\u00f3n de este Magno evento. &nbsp;<\/p>\n\n\n\n<p>Adem\u00e1s, las y los asistentes a la conferencia pudieron disfrutar de la presentaci\u00f3n del Ensamble comunitario de marimbas en Centla, Tabasco, Semillero creativo que ha participado en el&nbsp;Festival Internacional Spivakov Moscow meets friends<em>,<\/em>&nbsp;realizado en Mosc\u00fa, Rusia.&nbsp;<\/p>\n","protected":false},"excerpt":{"rendered":"<p>Participar\u00e1n m\u00e1s de 1,300 ni\u00f1as, ni\u00f1os y j\u00f3venes de los m\u00e1s de 250 grupos comunitarios de creaci\u00f3n art\u00edstica del pa\u00eds. &nbsp; M\u00e1s de 70 artistas, como Eugenia Le\u00f3n y Javier Camarena, los acompa\u00f1ar\u00e1n en este evento que se llevar\u00e1 a cabo el martes 7 de diciembre. &nbsp; M\u00e1s de 1,300 artistas n\u00f3veles y consagrados que [&hellip;]<\/p>\n","protected":false},"author":1,"featured_media":2171,"comment_status":"open","ping_status":"open","sticky":false,"template":"","format":"standard","meta":{"advanced_seo_description":"","jetpack_seo_html_title":"","jetpack_seo_noindex":false,"footnotes":"","jetpack_publicize_message":"","jetpack_is_tweetstorm":false,"jetpack_publicize_feature_enabled":true,"jetpack_social_post_already_shared":false,"jetpack_social_options":{"image_generator_settings":{"template":"highway","enabled":false}}},"categories":[26,4],"tags":[],"class_list":["post-2170","post","type-post","status-publish","format-standard","has-post-thumbnail","hentry","category-cultura","category-noticias"],"jetpack_publicize_connections":[],"jetpack_featured_media_url":"https:\/\/elcensornoticias.com\/wp-content\/uploads\/2021\/09\/Conferencia-Tengo-un-sueno-2021.2.Foto_.SC_.EEC_.jpeg","jetpack_likes_enabled":true,"jetpack_sharing_enabled":true,"jetpack_shortlink":"https:\/\/wp.me\/p6xy50-z0","_links":{"self":[{"href":"https:\/\/elcensornoticias.com\/index.php?rest_route=\/wp\/v2\/posts\/2170","targetHints":{"allow":["GET"]}}],"collection":[{"href":"https:\/\/elcensornoticias.com\/index.php?rest_route=\/wp\/v2\/posts"}],"about":[{"href":"https:\/\/elcensornoticias.com\/index.php?rest_route=\/wp\/v2\/types\/post"}],"author":[{"embeddable":true,"href":"https:\/\/elcensornoticias.com\/index.php?rest_route=\/wp\/v2\/users\/1"}],"replies":[{"embeddable":true,"href":"https:\/\/elcensornoticias.com\/index.php?rest_route=%2Fwp%2Fv2%2Fcomments&post=2170"}],"version-history":[{"count":1,"href":"https:\/\/elcensornoticias.com\/index.php?rest_route=\/wp\/v2\/posts\/2170\/revisions"}],"predecessor-version":[{"id":2172,"href":"https:\/\/elcensornoticias.com\/index.php?rest_route=\/wp\/v2\/posts\/2170\/revisions\/2172"}],"wp:featuredmedia":[{"embeddable":true,"href":"https:\/\/elcensornoticias.com\/index.php?rest_route=\/wp\/v2\/media\/2171"}],"wp:attachment":[{"href":"https:\/\/elcensornoticias.com\/index.php?rest_route=%2Fwp%2Fv2%2Fmedia&parent=2170"}],"wp:term":[{"taxonomy":"category","embeddable":true,"href":"https:\/\/elcensornoticias.com\/index.php?rest_route=%2Fwp%2Fv2%2Fcategories&post=2170"},{"taxonomy":"post_tag","embeddable":true,"href":"https:\/\/elcensornoticias.com\/index.php?rest_route=%2Fwp%2Fv2%2Ftags&post=2170"}],"curies":[{"name":"wp","href":"https:\/\/api.w.org\/{rel}","templated":true}]}}