{"id":2158,"date":"2021-09-22T22:19:58","date_gmt":"2021-09-22T22:19:58","guid":{"rendered":"http:\/\/elcensornoticias.com\/?p=2158"},"modified":"2021-09-22T22:20:03","modified_gmt":"2021-09-22T22:20:03","slug":"tlaxcala-sera-sede-de-la-clausura-de-la-semana-nacional-de-transparencia-2021-del-inai","status":"publish","type":"post","link":"https:\/\/elcensornoticias.com\/?p=2158","title":{"rendered":"Tlaxcala ser\u00e1 sede de la clausura de la Semana Nacional de Transparencia 2021 del INAI"},"content":{"rendered":"\n<p>Como parte de los trabajos que se desarrollar\u00e1n durante la Semana Nacional de Transparencia 2021, organizada por el Instituto Nacional de Transparencia, Acceso a la Informaci\u00f3n y Protecci\u00f3n de Datos Personales (INAI), Tlaxcala ser\u00e1 sede de las actividades de cierre y clausura, a celebrarse el viernes 1 de octubre pr\u00f3ximo.&nbsp;&nbsp;&nbsp;<\/p>\n\n\n\n<p>Este evento de trascendencia nacional se llevar\u00e1 a cabo, por primera vez, de manera descentralizada, es decir, las jornadas se trasladar\u00e1n a diferentes estados del pa\u00eds a trav\u00e9s de las distintas regiones del Sistema Nacional de Transparencia (SNT), adem\u00e1s de la sede del \u00f3rgano garante nacional en la Ciudad de M\u00e9xico.<\/p>\n\n\n\n<p>La Semana Nacional de Transparencia 2021 reunir\u00e1 a comisionados de diferentes Institutos del pa\u00eds y ser\u00e1 un espacio de reflexi\u00f3n y an\u00e1lisis sobre el papel de la transparencia, el acceso a la informaci\u00f3n y la protecci\u00f3n de los datos personales para llegar a m\u00e1s sectores de la sociedad, sobre todo a los m\u00e1s vulnerables.<\/p>\n\n\n\n<p>En esta edici\u00f3n, las actividades son organizadas por la Comisionada Norma Julieta del R\u00edo Venegas y el Comisionado Adri\u00e1n Alcal\u00e1 M\u00e9ndez, ambos del INAI, quienes resaltar\u00e1n la importancia de la utilizaci\u00f3n de las nuevas tecnolog\u00edas de la informaci\u00f3n y la comunicaci\u00f3n.<\/p>\n\n\n\n<p>Las actividades inician el 27 de septiembre en el Palacio de Convenciones de Zacatecas y de manera paralela en el Auditorio del Colegio St. John\u2019s en Canc\u00fan, Quintana Roo; mientras que para el 28 y 29 de septiembre ser\u00e1 en las instalaciones del INAI.<\/p>\n\n\n\n<p>Para el jueves 30 de septiembre en el Auditorio de la Universidad Ju\u00e1rez del Estado de Durango; y el viernes 1 de octubre ser\u00e1 el cierre y clausura en el Auditorio del \u00d3rgano de Fiscalizaci\u00f3n Superior del Estado de Tlaxcala.<\/p>\n\n\n\n<p>Cabe recordar que actualmente Tlaxcala encabeza la Coordinaci\u00f3n de la Regi\u00f3n Centro del Sistema Nacional de Transparencia (SNT), en la figura del comisionado Fernando Hern\u00e1ndez L\u00f3pez, tambi\u00e9n integrante del Consejo General del Instituto de Acceso a la Informaci\u00f3n P\u00fablica y Protecci\u00f3n de Datos Personales del Estado de Tlaxcala (IAIP).<\/p>\n\n\n\n<p>Durante el d\u00eda del cierre a celebrarse en la capital tlaxcalteca, la Semana Nacional de Transparencia tendr\u00e1 como tema central el de Grupos en situaci\u00f3n de vulnerabilidad y menores de edad, a trav\u00e9s de conferencias y paneles con especialistas.<\/p>\n\n\n\n<p>Entre los participantes que estar\u00e1n en Tlaxcala, destaca Claudio Cirio Romero, Acad\u00e9mico de la Universidad Aut\u00f3noma de Tlaxcala; Samuel Bonilla, Coordinador del Programa \u201cTransparencia para Tod@s\u00bb; Tania Ram\u00edrez Hern\u00e1ndez, Directora Ejecutiva de la Red por los Derechos de la Infancia en M\u00e9xico (REDIM); Mariana Hern\u00e1ndez, Fundaci\u00f3n Antes de Partir, A.C.; Nuhad Ponce Kuri, Presidenta del Consejo Consultivo del INAI.<\/p>\n\n\n\n<p>Asimismo, Marco Cancino, Director de Inteligencia P\u00fablica, A.C.; Jos\u00e9 Alejandro \u00c1guila Arg\u00fcelles, Presidente de la Asociaci\u00f3n Nacional de Padres de Familia; y Marina Alicia San Mart\u00edn Rebolloso, Comisionada del INFOCDMX.<\/p>\n\n\n\n<p>Para conocer detalles del evento y realizar el registro correspondiente, el p\u00fablico interesado puede acceder a la siguiente liga electr\u00f3nica: <a href=\"https:\/\/snt.inai.org.mx\/?page_id=90\">https:\/\/snt.inai.org.mx\/?page_id=90<\/a><\/p>\n","protected":false},"excerpt":{"rendered":"<p>Como parte de los trabajos que se desarrollar\u00e1n durante la Semana Nacional de Transparencia 2021, organizada por el Instituto Nacional de Transparencia, Acceso a la Informaci\u00f3n y Protecci\u00f3n de Datos Personales (INAI), Tlaxcala ser\u00e1 sede de las actividades de cierre y clausura, a celebrarse el viernes 1 de octubre pr\u00f3ximo.&nbsp;&nbsp;&nbsp; Este evento de trascendencia nacional [&hellip;]<\/p>\n","protected":false},"author":1,"featured_media":2159,"comment_status":"open","ping_status":"open","sticky":false,"template":"","format":"standard","meta":{"advanced_seo_description":"","jetpack_seo_html_title":"","jetpack_seo_noindex":false,"footnotes":"","jetpack_publicize_message":"","jetpack_is_tweetstorm":false,"jetpack_publicize_feature_enabled":true,"jetpack_social_post_already_shared":false,"jetpack_social_options":{"image_generator_settings":{"template":"highway","enabled":false}}},"categories":[2,3],"tags":[],"class_list":["post-2158","post","type-post","status-publish","format-standard","has-post-thumbnail","hentry","category-destacadas","category-gobierno"],"jetpack_publicize_connections":[],"jetpack_featured_media_url":"https:\/\/elcensornoticias.com\/wp-content\/uploads\/2021\/09\/invitacion-final-Tlaxcala.png","jetpack_likes_enabled":true,"jetpack_sharing_enabled":true,"jetpack_shortlink":"https:\/\/wp.me\/p6xy50-yO","_links":{"self":[{"href":"https:\/\/elcensornoticias.com\/index.php?rest_route=\/wp\/v2\/posts\/2158","targetHints":{"allow":["GET"]}}],"collection":[{"href":"https:\/\/elcensornoticias.com\/index.php?rest_route=\/wp\/v2\/posts"}],"about":[{"href":"https:\/\/elcensornoticias.com\/index.php?rest_route=\/wp\/v2\/types\/post"}],"author":[{"embeddable":true,"href":"https:\/\/elcensornoticias.com\/index.php?rest_route=\/wp\/v2\/users\/1"}],"replies":[{"embeddable":true,"href":"https:\/\/elcensornoticias.com\/index.php?rest_route=%2Fwp%2Fv2%2Fcomments&post=2158"}],"version-history":[{"count":1,"href":"https:\/\/elcensornoticias.com\/index.php?rest_route=\/wp\/v2\/posts\/2158\/revisions"}],"predecessor-version":[{"id":2160,"href":"https:\/\/elcensornoticias.com\/index.php?rest_route=\/wp\/v2\/posts\/2158\/revisions\/2160"}],"wp:featuredmedia":[{"embeddable":true,"href":"https:\/\/elcensornoticias.com\/index.php?rest_route=\/wp\/v2\/media\/2159"}],"wp:attachment":[{"href":"https:\/\/elcensornoticias.com\/index.php?rest_route=%2Fwp%2Fv2%2Fmedia&parent=2158"}],"wp:term":[{"taxonomy":"category","embeddable":true,"href":"https:\/\/elcensornoticias.com\/index.php?rest_route=%2Fwp%2Fv2%2Fcategories&post=2158"},{"taxonomy":"post_tag","embeddable":true,"href":"https:\/\/elcensornoticias.com\/index.php?rest_route=%2Fwp%2Fv2%2Ftags&post=2158"}],"curies":[{"name":"wp","href":"https:\/\/api.w.org\/{rel}","templated":true}]}}