{"id":2142,"date":"2021-09-22T00:59:23","date_gmt":"2021-09-22T00:59:23","guid":{"rendered":"http:\/\/elcensornoticias.com\/?p=2142"},"modified":"2021-09-22T00:59:27","modified_gmt":"2021-09-22T00:59:27","slug":"reciben-jovenes-de-yauhquemehcan-vacunacion-contra-covid-19","status":"publish","type":"post","link":"https:\/\/elcensornoticias.com\/?p=2142","title":{"rendered":"Reciben j\u00f3venes de Yauhquemehcan vacunaci\u00f3n contra covid-19"},"content":{"rendered":"\n<p>Este martes se llev\u00f3 a cabo la Jornada de Vacunaci\u00f3n contra Covid-19 para la poblaci\u00f3n de<br>18 a 29 a\u00f1os en el municipio de Yauhquemehcan, d\u00f3nde se aplicaron 5,964 vacunas de la<br>primera dosis del ant\u00edgeno de Pfizer.<\/p>\n\n\n\n<p><br>Dicha jornada, que se efectu\u00f3 en la Plaza del Huehue, fue coordinada por personal de la<br>Direcci\u00f3n de Salud municipal, quienes apoyaron a personal de la Secretar\u00eda del Bienestar.<br>Para el resguardo de la misma, acudi\u00f3 personal del Protecci\u00f3n Civil y Seguridad P\u00fablica de<br>Yauhquemehcan, en coordinaci\u00f3n con el Ej\u00e9rcito Mexicano.<\/p>\n\n\n\n<p><br>La presidenta municipal de Yauhquemehcan, Mar\u00eda Anita Chamorro Badillo, expres\u00f3 que \u00abla<br>llegada de la vacuna para nuestros j\u00f3venes refleja el compromiso de las autoridades en los<br>tres niveles de gobierno, para impulsar y promover la salud de nuestra poblaci\u00f3n\u00bb.<br>Cabe destacar, que durante la jornada de aplicaron tambi\u00e9n vacunas a la poblaci\u00f3n del<br>municipio que presentaba rezago en el inicio de sus cuadros de inoculaci\u00f3n, con lo que se<br>cumple el compromiso del acceso a este beneficio para toda la poblaci\u00f3n.<\/p>\n\n\n\n<p><br>De igual forma, la directora de Salud de Yauhquemehcan, Brenda Cordero, inform\u00f3 que,<br>pese a algunos casos de reacci\u00f3n al ant\u00edgeno, la jornada se realiz\u00f3 sin percances de ning\u00fan<br>tipo que pusieran en riesgo la integridad de los asistentes.<\/p>\n\n\n\n<p><br>\u00abEs importante recordar que, aun cuando nos hayamos vacunado, debemos continuar con<br>las medidas de seguridad sanitaria y prevenci\u00f3n de contagios en nuestras comunidades. No<br>bajemos la guardia y sigamos cuid\u00e1ndonos los unos a los otros\u00bb, puntualiz\u00f3 Chamorro<br>Badillo.<\/p>\n","protected":false},"excerpt":{"rendered":"<p>Este martes se llev\u00f3 a cabo la Jornada de Vacunaci\u00f3n contra Covid-19 para la poblaci\u00f3n de18 a 29 a\u00f1os en el municipio de Yauhquemehcan, d\u00f3nde se aplicaron 5,964 vacunas de laprimera dosis del ant\u00edgeno de Pfizer. Dicha jornada, que se efectu\u00f3 en la Plaza del Huehue, fue coordinada por personal de laDirecci\u00f3n de Salud municipal, [&hellip;]<\/p>\n","protected":false},"author":1,"featured_media":2143,"comment_status":"open","ping_status":"open","sticky":false,"template":"","format":"standard","meta":{"advanced_seo_description":"","jetpack_seo_html_title":"","jetpack_seo_noindex":false,"footnotes":"","jetpack_publicize_message":"","jetpack_is_tweetstorm":false,"jetpack_publicize_feature_enabled":true,"jetpack_social_post_already_shared":false,"jetpack_social_options":{"image_generator_settings":{"template":"highway","enabled":false}}},"categories":[5,10],"tags":[],"class_list":["post-2142","post","type-post","status-publish","format-standard","has-post-thumbnail","hentry","category-carrucel","category-municipios"],"jetpack_publicize_connections":[],"jetpack_featured_media_url":"https:\/\/elcensornoticias.com\/wp-content\/uploads\/2021\/09\/IMG-20210921-WA0015.jpg","jetpack_likes_enabled":true,"jetpack_sharing_enabled":true,"jetpack_shortlink":"https:\/\/wp.me\/p6xy50-yy","_links":{"self":[{"href":"https:\/\/elcensornoticias.com\/index.php?rest_route=\/wp\/v2\/posts\/2142","targetHints":{"allow":["GET"]}}],"collection":[{"href":"https:\/\/elcensornoticias.com\/index.php?rest_route=\/wp\/v2\/posts"}],"about":[{"href":"https:\/\/elcensornoticias.com\/index.php?rest_route=\/wp\/v2\/types\/post"}],"author":[{"embeddable":true,"href":"https:\/\/elcensornoticias.com\/index.php?rest_route=\/wp\/v2\/users\/1"}],"replies":[{"embeddable":true,"href":"https:\/\/elcensornoticias.com\/index.php?rest_route=%2Fwp%2Fv2%2Fcomments&post=2142"}],"version-history":[{"count":1,"href":"https:\/\/elcensornoticias.com\/index.php?rest_route=\/wp\/v2\/posts\/2142\/revisions"}],"predecessor-version":[{"id":2144,"href":"https:\/\/elcensornoticias.com\/index.php?rest_route=\/wp\/v2\/posts\/2142\/revisions\/2144"}],"wp:featuredmedia":[{"embeddable":true,"href":"https:\/\/elcensornoticias.com\/index.php?rest_route=\/wp\/v2\/media\/2143"}],"wp:attachment":[{"href":"https:\/\/elcensornoticias.com\/index.php?rest_route=%2Fwp%2Fv2%2Fmedia&parent=2142"}],"wp:term":[{"taxonomy":"category","embeddable":true,"href":"https:\/\/elcensornoticias.com\/index.php?rest_route=%2Fwp%2Fv2%2Fcategories&post=2142"},{"taxonomy":"post_tag","embeddable":true,"href":"https:\/\/elcensornoticias.com\/index.php?rest_route=%2Fwp%2Fv2%2Ftags&post=2142"}],"curies":[{"name":"wp","href":"https:\/\/api.w.org\/{rel}","templated":true}]}}