{"id":2139,"date":"2021-09-22T00:55:55","date_gmt":"2021-09-22T00:55:55","guid":{"rendered":"http:\/\/elcensornoticias.com\/?p=2139"},"modified":"2021-09-22T00:55:59","modified_gmt":"2021-09-22T00:55:59","slug":"apuesta-jorge-corichi-por-espacios-de-diversificacion-cultural-y-artistica-en-tlaxcala","status":"publish","type":"post","link":"https:\/\/elcensornoticias.com\/?p=2139","title":{"rendered":"Apuesta Jorge Corichi por espacios de diversificaci\u00f3n cultural y art\u00edstica en Tlaxcala"},"content":{"rendered":"\n<p>El alcalde capitalino y la secretaria de cultura federal, Alejandra Frausto, se reunieron para encaminar estrategias que ir\u00e1n a las comunidades y colonias del municipio.\u00a0El presidente municipal de Tlaxcala, Jorge Corichi, se reuni\u00f3 esta ma\u00f1ana con la titular de la Secretar\u00eda de Cultura del Gobierno de M\u00e9xico, Alejandra Frausto Guerrero, con quien coincidi\u00f3 en fortalecer el ejercicio de los derechos culturales de personas, grupos y comunidades.Bajo esta t\u00f3nica de trabajo, la Secretaria de Cultura expuso que en conjunto con el Ayuntamiento de Tlaxcala, se dise\u00f1ar\u00e1n estrategias que fomenten la cultura para la paz, la transformaci\u00f3n social, la participaci\u00f3n en la vida cultural, el desarrollo cultural comunitario y el fortalecimiento de capacidades locales del municipio de Tlaxcala y las comunidades que lo conforman.<\/p>\n\n\n\n<p>\u201cLa cultura en la ciudad de #Tlaxcala tomar\u00e1 m\u00e1s fuerza que nunca. Esta ma\u00f1ana me reun\u00ed con el presidente municipal @_JorgeCorichi y establecimos una estrategia para fortalecer el trabajo comunitario. Agradezco su sensibilidad y compromiso con el arte y la cultura\u201d, escribi\u00f3 Frausto Guerrero en su cuenta de twitter.<\/p>\n\n\n\n<p>Por su parte, el edil Jorge Corichi celebr\u00f3 este encuentro con la titular de cultura federal, en el que nace una oportunidad invaluable para fortalecer la cultura en las comunidades; prioritariamente con aquellas que se encuentran fuera de la zona urbana y que por mucho tiempo han sido excluidas de pol\u00edticas culturales.<\/p>\n\n\n\n<p>\u201cLas comunidades, colonias y zona urbana de Tlaxcala capital son fuente de cultura inagotable. Gracias por su respaldo\u201d, expres\u00f3 Jorge Corichi en sus redes sociales.<\/p>\n\n\n\n<p>Por ello, el alcalde anunci\u00f3 que dentro de esta reuni\u00f3n se gestion\u00f3 el apoyo a trav\u00e9s de la instancia federal a los cinco festivales culturales que se tienen proyectados para el pr\u00f3ximo 2021, adecuaci\u00f3n y equipamiento de las bibliotecas instaladas en el municipio y la creaci\u00f3n de semilleros de j\u00f3venes en las comunidades y colonias.<\/p>\n\n\n\n<p>Jorge Corichi consider\u00f3 que el impulso a la cultura en estos espacios ser\u00e1 no solo un escaparate para que los j\u00f3venes potencialicen sus capacidades creativas, sino tambi\u00e9n una forma de alejarlos de conductas nocivas o inadecuadas.<\/p>\n\n\n\n<p>El reciente nombramiento de la Ciudad de Tlaxcala como extensi\u00f3n del Festival Cultural Internacional Cervantino y la atracci\u00f3n de oferta con eventos de renombre y exponentes con gran trayectoria, que se realizar\u00e1n en pr\u00f3ximas fechas, el alcalde Jorge Corichi reitera su prop\u00f3sito de transformar al coraz\u00f3n del estado en la capital cultural y tur\u00edstica por excelencia.<\/p>\n","protected":false},"excerpt":{"rendered":"<p>El alcalde capitalino y la secretaria de cultura federal, Alejandra Frausto, se reunieron para encaminar estrategias que ir\u00e1n a las comunidades y colonias del municipio.\u00a0El presidente municipal de Tlaxcala, Jorge Corichi, se reuni\u00f3 esta ma\u00f1ana con la titular de la Secretar\u00eda de Cultura del Gobierno de M\u00e9xico, Alejandra Frausto Guerrero, con quien coincidi\u00f3 en fortalecer [&hellip;]<\/p>\n","protected":false},"author":1,"featured_media":2140,"comment_status":"open","ping_status":"open","sticky":false,"template":"","format":"standard","meta":{"advanced_seo_description":"","jetpack_seo_html_title":"","jetpack_seo_noindex":false,"footnotes":"","jetpack_publicize_message":"","jetpack_is_tweetstorm":false,"jetpack_publicize_feature_enabled":true,"jetpack_social_post_already_shared":false,"jetpack_social_options":{"image_generator_settings":{"template":"highway","enabled":false}}},"categories":[5,10],"tags":[],"class_list":["post-2139","post","type-post","status-publish","format-standard","has-post-thumbnail","hentry","category-carrucel","category-municipios"],"jetpack_publicize_connections":[],"jetpack_featured_media_url":"https:\/\/elcensornoticias.com\/wp-content\/uploads\/2021\/09\/IMG-20210921-WA0009.jpg","jetpack_likes_enabled":true,"jetpack_sharing_enabled":true,"jetpack_shortlink":"https:\/\/wp.me\/p6xy50-yv","_links":{"self":[{"href":"https:\/\/elcensornoticias.com\/index.php?rest_route=\/wp\/v2\/posts\/2139","targetHints":{"allow":["GET"]}}],"collection":[{"href":"https:\/\/elcensornoticias.com\/index.php?rest_route=\/wp\/v2\/posts"}],"about":[{"href":"https:\/\/elcensornoticias.com\/index.php?rest_route=\/wp\/v2\/types\/post"}],"author":[{"embeddable":true,"href":"https:\/\/elcensornoticias.com\/index.php?rest_route=\/wp\/v2\/users\/1"}],"replies":[{"embeddable":true,"href":"https:\/\/elcensornoticias.com\/index.php?rest_route=%2Fwp%2Fv2%2Fcomments&post=2139"}],"version-history":[{"count":1,"href":"https:\/\/elcensornoticias.com\/index.php?rest_route=\/wp\/v2\/posts\/2139\/revisions"}],"predecessor-version":[{"id":2141,"href":"https:\/\/elcensornoticias.com\/index.php?rest_route=\/wp\/v2\/posts\/2139\/revisions\/2141"}],"wp:featuredmedia":[{"embeddable":true,"href":"https:\/\/elcensornoticias.com\/index.php?rest_route=\/wp\/v2\/media\/2140"}],"wp:attachment":[{"href":"https:\/\/elcensornoticias.com\/index.php?rest_route=%2Fwp%2Fv2%2Fmedia&parent=2139"}],"wp:term":[{"taxonomy":"category","embeddable":true,"href":"https:\/\/elcensornoticias.com\/index.php?rest_route=%2Fwp%2Fv2%2Fcategories&post=2139"},{"taxonomy":"post_tag","embeddable":true,"href":"https:\/\/elcensornoticias.com\/index.php?rest_route=%2Fwp%2Fv2%2Ftags&post=2139"}],"curies":[{"name":"wp","href":"https:\/\/api.w.org\/{rel}","templated":true}]}}