{"id":2133,"date":"2021-09-22T00:50:13","date_gmt":"2021-09-22T00:50:13","guid":{"rendered":"http:\/\/elcensornoticias.com\/?p=2133"},"modified":"2021-09-22T00:50:17","modified_gmt":"2021-09-22T00:50:17","slug":"la-exposicion-indios-conquistadores-reivindica-el-papel-de-los-pueblos-originarios-como-vencedores","status":"publish","type":"post","link":"https:\/\/elcensornoticias.com\/?p=2133","title":{"rendered":"La exposici\u00f3n \u201cIndios conquistadores\u201d reivindica el papel de los pueblos originarios como vencedores"},"content":{"rendered":"\n<ul class=\"wp-block-list\"><li><strong>La muestra se podr\u00e1 visitar de forma gratuita del 21 de septiembre al 17 de diciembre, en el Palacio de Cultura de Tlaxcala, sede de la Secretar\u00eda de Cultura del Gobierno de M\u00e9xico&nbsp;<\/strong><\/li><li><strong>Examina desde fuentes europeas e ind\u00edgenas hasta documentos en los que los propios se\u00f1or\u00edos se plasmaron como protagonistas&nbsp;<\/strong><\/li><\/ul>\n\n\n\n<p><strong>Tlaxcala, Tlaxcala<\/strong>. Desde las primeras cr\u00f3nicas y memorias escritas por los europeos acerca de la conquista de Tenochtitlan en el siglo XVI, hasta entrado el siglo XX, la historiograf\u00eda hab\u00eda negado o, en otros casos, minimizado el papel de los ind\u00edgenas aliados como parte de la rebeli\u00f3n en contra de los tenochcas, destacando en su lugar a unos cientos de hispanos como art\u00edfices de la gesta debido a su superioridad tecnol\u00f3gica y conocimiento b\u00e9lico.&nbsp;<\/p>\n\n\n\n<p>Es por ello que, en el marco de las conmemoraciones de este 2021, declarado&nbsp;\u201cA\u00f1o de la Independencia y de la Grandeza de M\u00e9xico\u201d y los 500 a\u00f1os de resistencia ind\u00edgena, la exposici\u00f3n&nbsp;<em>Indios conquistadores<\/em>, organizada por la Secretar\u00eda de Cultura del Gobierno de M\u00e9xico, a trav\u00e9s de los institutos nacionales de Antropolog\u00eda e Historia (INAH) y de Estudios Hist\u00f3ricos de las Revoluciones de M\u00e9xico (INEHRM), ofrece una relectura de las fuentes hist\u00f3ricas y revalora el papel desempe\u00f1ado por los se\u00f1or\u00edos que se aliaron con Hern\u00e1n Cort\u00e9s durante la empresa en contra de la Triple Alianza.&nbsp;<\/p>\n\n\n\n<p>En el acto inaugural de esta exposici\u00f3n, la secretaria de Cultura del Gobierno de M\u00e9xico, Alejandra Frausto Guerrero, se\u00f1al\u00f3: \u201ces una gran oportunidad para rescatar los relatos que se convirtieron, a fuerza de ser relegados por la historia oficial, en historias secundarias\u201d. Agreg\u00f3 que entre estas historias se encuentra la de Tlaxcala y la de los indios conquistadores, grupos ind\u00edgenas de otras regiones del pa\u00eds que fueron tejiendo esta historia, pues la Conquista tambi\u00e9n la hicieron pueblos ind\u00edgenas.&nbsp;<\/p>\n\n\n\n<p>Agreg\u00f3 que el a\u00f1o 2021, donde se est\u00e1n celebrando diversas conmemoraciones, entre ellas, la de los 500 a\u00f1os de resistencia ind\u00edgena, permite \u201clevantar una voz de la historia y no solamente la voz de los vencedores, sino las voces que no se hab\u00edan escuchado antes, como la de las mujeres o los pueblos originarios\u201d.&nbsp;<\/p>\n\n\n\n<p>Por su parte, la gobernadora de Tlaxcala, Lorena Cu\u00e9llar Cisneros, refrend\u00f3 su compromiso para \u201chacer un basti\u00f3n, para que la cultura en Tlaxcala forme parte de todos los tlaxcaltecas, sobre todo hoy que sabemos que es un estado que tiene muy arraigada su cultura\u201d.&nbsp;<\/p>\n\n\n\n<p>En su oportunidad, el director del Instituto Nacional de Antropolog\u00eda e Historia, Diego Prieto Hern\u00e1ndez, explic\u00f3 que la exposici\u00f3n fue ideada \u201cpara desvelar esa faceta determinante de la Conquista, la participaci\u00f3n de grupos ind\u00edgenas que establecieron alianzas, de acuerdo con sus particulares intereses y sus decisiones soberanas, con los espa\u00f1oles para conseguir la derrota militar de los mexicas y para formar parte de las posteriores incursiones que comenzaron a desarrollarse hacia el resto del territorio mesoamericano y el resto de M\u00e9xico\u201d.&nbsp;<\/p>\n\n\n\n<p>A su vez, el director del Instituto Nacional de Estudios Hist\u00f3ricos de las Revoluciones de M\u00e9xico, Felipe \u00c1vila Espinosa, hizo un recuento de c\u00f3mo, pese a que grupos ind\u00edgenas se aliaron con los invasores extranjeros, tambi\u00e9n muchos fueron sometidos a una sociedad de castas, una nueva lengua, religi\u00f3n y costumbres, no obstante, encontraron la forma de mantener viva su lengua, cultura y tradici\u00f3n. &nbsp;<\/p>\n\n\n\n<p>Agreg\u00f3 que: \u00abesta exposici\u00f3n es una peque\u00f1a muestra que presenta a los pueblos ind\u00edgenas que se unieron para acabar la dominaci\u00f3n mexica y que se unieron a los invasores extranjeros para extender su dominio a la mayor parte del territorio mesoamericano y nos dice que es tiempo de acabar con los prejuicios, las descalificaciones y con el sesgo que ha prevalecido en buena parte de la historiograf\u00eda sobre la Conquista, esa que nos presenta a una mujer extraordinaria como la Malitzin, como una traidora y no como una mujer clave e imprescindible sin la cual no se podr\u00eda entender este proceso. Tambi\u00e9n hay que entender la visi\u00f3n de los tlaxcaltecas, de los cholultecas, de los texcocanos y los dem\u00e1s pueblos ind\u00edgenas que se aliaron con Cort\u00e9s\u00bb.&nbsp;<\/p>\n\n\n\n<p>En tanto que, el director del Instituto Tlaxcalteca de la Cultura, Antonio Mart\u00ednez Vel\u00e1zquez, destac\u00f3 que: \u201ces una exposici\u00f3n que cuenta una nueva historia sobre la participaci\u00f3n de los tlaxcaltecas en la conquista de M\u00e9xico. Es momento de reivindicar a Tlaxcala, reivindicar su historia y contarla de nuevo, para que esa vieja leyenda negra de que los tlaxcaltecas somos traidores pues ya no est\u00e9 m\u00e1s en el imaginario p\u00fablico y no est\u00e9 m\u00e1s en las p\u00e1ginas de la historia\u201d.&nbsp;<\/p>\n\n\n\n<p>Con sede en el Palacio de Cultura de Tlaxcala (Av. Ju\u00e1rez 62, esquina con Alonso Escalona y Miguel N. Lira, Col. Centro, Tlaxcala, Tlax.), la muestra podr\u00e1 visitarse gratuitamente del 21 de septiembre al 17 de diciembre, de 9:30 a 17:00 horas.&nbsp;<\/p>\n\n\n\n<p>La exposici\u00f3n temporal, inform\u00f3 el historiador Germ\u00e1n G\u00f3mez L\u00f3pez, jefe de Informes y Diagn\u00f3sticos de la Coordinaci\u00f3n Nacional de Museos y Exposiciones (CNMyE) del INAH, se divide en cinco m\u00f3dulos y, al ser de car\u00e1cter infogr\u00e1fico, mostrar\u00e1 31 im\u00e1genes hist\u00f3ricas.&nbsp;<\/p>\n\n\n\n<p>Bajo la curadur\u00eda del titular del INEHRM, Felipe \u00c1vila Espinosa, y con un guion de los historiadores Michel Oudijk y Raquel G\u00fcereca Guzm\u00e1n, la muestra inicia con una secci\u00f3n que analiza la evoluci\u00f3n historiogr\u00e1fica de las fuentes tradicionales acerca de la Conquista, desde las&nbsp;<em>Cartas de Relaci\u00f3n<\/em>, de Hern\u00e1n Cort\u00e9s, o la&nbsp;<em>Historia verdadera de la Nueva Espa\u00f1a<\/em>, de Bernal D\u00edaz de Castillo, hasta llegar a obras del siglo XX como&nbsp;<em>Visi\u00f3n de los Vencidos<\/em>, de Miguel Le\u00f3n-Portilla.&nbsp;<\/p>\n\n\n\n<p>En la segunda secci\u00f3n, explic\u00f3 Germ\u00e1n L\u00f3pez, podr\u00e1n verse im\u00e1genes de documentos virreinales donde los ind\u00edgenas se describen como luchadores al lado de los espa\u00f1oles, por ejemplo, los lienzos de&nbsp;<em>Quauhquechollan<\/em>&nbsp;y de&nbsp;<em>Tlaxcala<\/em>.&nbsp;<\/p>\n\n\n\n<p>\u201cA diferencia de los documentos europeos, los cuales tuvieron circulaci\u00f3n constante, los textos ind\u00edgenas se mantuvieron mayormente en archivos, lo que contribuy\u00f3 a que sus narrativas no fueran visibles; sin embargo, recientes investigaciones nos muestran c\u00f3mo en ellos, los ind\u00edgenas expresan haber participado como iguales durante la Conquista\u201d.&nbsp;<\/p>\n\n\n\n<p>En este sentido, el tercer m\u00f3dulo del recorrido ahonda en el papel de los indios como negociadores pol\u00edticos que buscaron y lograron deshacerse del yugo mexica, como guerreros, mano de obra y gu\u00edas dentro de un territorio que era inh\u00f3spito para los europeos.&nbsp;<\/p>\n\n\n\n<p>El cuarto m\u00f3dulo, detalla el historiador de la CNMyE, narra c\u00f3mo la adhesi\u00f3n secuencial de los pueblos a la alianza ind\u00edgena-espa\u00f1ola se dio bajo los patrones mesoamericanos de conquista, llegando as\u00ed a sumar miles de personas para el sitio final de la capital tenochca, donde, coment\u00f3 Germ\u00e1n G\u00f3mez, se calcula hab\u00eda entre 40 y 400 ind\u00edgenas aliados por cada espa\u00f1ol.&nbsp;<\/p>\n\n\n\n<p>Finalmente, el \u00faltimo m\u00f3dulo revisa los pormenores de las alianzas, as\u00ed como los casos de los pueblos ind\u00edgenas que se rehusaron, ya sea inicialmente o de manera definitiva, a unirse a los espa\u00f1oles.&nbsp;<\/p>\n\n\n\n<p>\u201cAqu\u00ed podemos destacar el propio caso de los tlaxcaltecas, quienes en un primer momento combatieron a Cort\u00e9s, pero dado que no hubo ganadores claros en sus batallas y s\u00ed un desgaste entre ambos ej\u00e9rcitos, optaron por conferenciar y emprender la lucha en contra de sus rivales mexicas\u201d, concluy\u00f3 el historiador.&nbsp;<\/p>\n\n\n\n<p><em>Indios conquistadores<\/em>&nbsp;cuenta con cinco unidades interactivas, una por m\u00f3dulo, las cuales complementar\u00e1n la experiencia del visitante con mapas, retos y otras herramientas did\u00e1cticas. Tambi\u00e9n incluye c\u00f3digos QR que resumen el recorrido de la muestra en Lengua de Se\u00f1as Mexicana para las personas con discapacidad auditiva, y se prepara una p\u00e1gina en internet para recorrer la exposici\u00f3n de manera virtual.&nbsp;<\/p>\n","protected":false},"excerpt":{"rendered":"<p>La muestra se podr\u00e1 visitar de forma gratuita del 21 de septiembre al 17 de diciembre, en el Palacio de Cultura de Tlaxcala, sede de la Secretar\u00eda de Cultura del Gobierno de M\u00e9xico&nbsp; Examina desde fuentes europeas e ind\u00edgenas hasta documentos en los que los propios se\u00f1or\u00edos se plasmaron como protagonistas&nbsp; Tlaxcala, Tlaxcala. Desde las [&hellip;]<\/p>\n","protected":false},"author":1,"featured_media":2134,"comment_status":"open","ping_status":"open","sticky":false,"template":"","format":"standard","meta":{"advanced_seo_description":"","jetpack_seo_html_title":"","jetpack_seo_noindex":false,"footnotes":"","jetpack_publicize_message":"","jetpack_is_tweetstorm":false,"jetpack_publicize_feature_enabled":true,"jetpack_social_post_already_shared":false,"jetpack_social_options":{"image_generator_settings":{"template":"highway","enabled":false}}},"categories":[26,4],"tags":[],"class_list":["post-2133","post","type-post","status-publish","format-standard","has-post-thumbnail","hentry","category-cultura","category-noticias"],"jetpack_publicize_connections":[],"jetpack_featured_media_url":"https:\/\/elcensornoticias.com\/wp-content\/uploads\/2021\/09\/PHOTO-2021-09-21-15-02-09.jpg","jetpack_likes_enabled":true,"jetpack_sharing_enabled":true,"jetpack_shortlink":"https:\/\/wp.me\/p6xy50-yp","_links":{"self":[{"href":"https:\/\/elcensornoticias.com\/index.php?rest_route=\/wp\/v2\/posts\/2133","targetHints":{"allow":["GET"]}}],"collection":[{"href":"https:\/\/elcensornoticias.com\/index.php?rest_route=\/wp\/v2\/posts"}],"about":[{"href":"https:\/\/elcensornoticias.com\/index.php?rest_route=\/wp\/v2\/types\/post"}],"author":[{"embeddable":true,"href":"https:\/\/elcensornoticias.com\/index.php?rest_route=\/wp\/v2\/users\/1"}],"replies":[{"embeddable":true,"href":"https:\/\/elcensornoticias.com\/index.php?rest_route=%2Fwp%2Fv2%2Fcomments&post=2133"}],"version-history":[{"count":1,"href":"https:\/\/elcensornoticias.com\/index.php?rest_route=\/wp\/v2\/posts\/2133\/revisions"}],"predecessor-version":[{"id":2135,"href":"https:\/\/elcensornoticias.com\/index.php?rest_route=\/wp\/v2\/posts\/2133\/revisions\/2135"}],"wp:featuredmedia":[{"embeddable":true,"href":"https:\/\/elcensornoticias.com\/index.php?rest_route=\/wp\/v2\/media\/2134"}],"wp:attachment":[{"href":"https:\/\/elcensornoticias.com\/index.php?rest_route=%2Fwp%2Fv2%2Fmedia&parent=2133"}],"wp:term":[{"taxonomy":"category","embeddable":true,"href":"https:\/\/elcensornoticias.com\/index.php?rest_route=%2Fwp%2Fv2%2Fcategories&post=2133"},{"taxonomy":"post_tag","embeddable":true,"href":"https:\/\/elcensornoticias.com\/index.php?rest_route=%2Fwp%2Fv2%2Ftags&post=2133"}],"curies":[{"name":"wp","href":"https:\/\/api.w.org\/{rel}","templated":true}]}}