{"id":2121,"date":"2021-09-22T00:39:55","date_gmt":"2021-09-22T00:39:55","guid":{"rendered":"http:\/\/elcensornoticias.com\/?p=2121"},"modified":"2021-09-22T00:39:59","modified_gmt":"2021-09-22T00:39:59","slug":"participa-tlaxcala-en-librofest-metropolitano-2021","status":"publish","type":"post","link":"https:\/\/elcensornoticias.com\/?p=2121","title":{"rendered":"PARTICIPA TLAXCALA EN \u201cLIBROFEST METROPOLITANO 2021"},"content":{"rendered":"\n<p>Del 20 de septiembre al 1 de octubre el p\u00fablico podr\u00e1 disfrutar de diversos atractivos tur\u00edsticos a trav\u00e9s de librofest.com.\u00a0<\/p>\n\n\n\n<p>Con el objetivo de dar a conocer la cultura, historia y tradiciones de la entidad, por tercer a\u00f1o consecutivo participa Tlaxcala en la octava edici\u00f3n de la Feria del Libro y Festival Cultural, en su edici\u00f3n virtual \u201cLibrofest Metropolitano 2021\u201d.\u00a0<\/p>\n\n\n\n<p>La Secretar\u00eda de Turismo de Tlaxcala (Secture) trabaja para posicionar a la entidad como un destino referente en materia de turismo cultural, gastron\u00f3mico, rural y biocultural, por lo que estos festivales son un importante escaparate para mostrar la riqueza del estado.\u00a0<\/p>\n\n\n\n<p>El compromiso del Gobierno del Estado, a trav\u00e9s de la Secture, es ofrecer y generar bienestar para todos los hogares tlaxcaltecas, mediante la generaci\u00f3n de m\u00e1s empleos y un mayor desarrollo econ\u00f3mico para la regi\u00f3n.\u00a0En la octava edici\u00f3n del Librofest Metropolitano 2021, Tlaxcala participar\u00e1 con tres actividades culturales: la presentaci\u00f3n del libro titulado \u201cSabores de M\u00e9xico\u201d, del Chef Luis Alberto en co-creaci\u00f3n con el Chef Iv\u00e1n, y como protagonistas las cocineras Dalia y Nico.\u00a0<\/p>\n\n\n\n<p>Tambi\u00e9n difundir\u00e1n el v\u00eddeo virtual de luci\u00e9rnagas en concierto sonoro el 26 de septiembre a las 16:00 horas; se transmitir\u00e1n las c\u00e1psulas tur\u00edsticas \u201cTlaxcala y el Turismo de Naturaleza\u201d el 29 de septiembre a las 17:00 horas; y realizar\u00e1n un recorrido virtual experiencial en vivo del Conjunto Conventual Franciscano y Catedralicio de Nuestra Se\u00f1ora de la Asunci\u00f3n.<\/p>\n","protected":false},"excerpt":{"rendered":"<p>Del 20 de septiembre al 1 de octubre el p\u00fablico podr\u00e1 disfrutar de diversos atractivos tur\u00edsticos a trav\u00e9s de librofest.com.\u00a0 Con el objetivo de dar a conocer la cultura, historia y tradiciones de la entidad, por tercer a\u00f1o consecutivo participa Tlaxcala en la octava edici\u00f3n de la Feria del Libro y Festival Cultural, en su [&hellip;]<\/p>\n","protected":false},"author":1,"featured_media":2122,"comment_status":"open","ping_status":"open","sticky":false,"template":"","format":"standard","meta":{"advanced_seo_description":"","jetpack_seo_html_title":"","jetpack_seo_noindex":false,"footnotes":"","jetpack_publicize_message":"","jetpack_is_tweetstorm":false,"jetpack_publicize_feature_enabled":true,"jetpack_social_post_already_shared":false,"jetpack_social_options":{"image_generator_settings":{"template":"highway","enabled":false}}},"categories":[2,3],"tags":[],"class_list":["post-2121","post","type-post","status-publish","format-standard","has-post-thumbnail","hentry","category-destacadas","category-gobierno"],"jetpack_publicize_connections":[],"jetpack_featured_media_url":"https:\/\/elcensornoticias.com\/wp-content\/uploads\/2021\/09\/210921_SECTURE_LIBROFEST.jpeg","jetpack_likes_enabled":true,"jetpack_sharing_enabled":true,"jetpack_shortlink":"https:\/\/wp.me\/p6xy50-yd","_links":{"self":[{"href":"https:\/\/elcensornoticias.com\/index.php?rest_route=\/wp\/v2\/posts\/2121","targetHints":{"allow":["GET"]}}],"collection":[{"href":"https:\/\/elcensornoticias.com\/index.php?rest_route=\/wp\/v2\/posts"}],"about":[{"href":"https:\/\/elcensornoticias.com\/index.php?rest_route=\/wp\/v2\/types\/post"}],"author":[{"embeddable":true,"href":"https:\/\/elcensornoticias.com\/index.php?rest_route=\/wp\/v2\/users\/1"}],"replies":[{"embeddable":true,"href":"https:\/\/elcensornoticias.com\/index.php?rest_route=%2Fwp%2Fv2%2Fcomments&post=2121"}],"version-history":[{"count":1,"href":"https:\/\/elcensornoticias.com\/index.php?rest_route=\/wp\/v2\/posts\/2121\/revisions"}],"predecessor-version":[{"id":2123,"href":"https:\/\/elcensornoticias.com\/index.php?rest_route=\/wp\/v2\/posts\/2121\/revisions\/2123"}],"wp:featuredmedia":[{"embeddable":true,"href":"https:\/\/elcensornoticias.com\/index.php?rest_route=\/wp\/v2\/media\/2122"}],"wp:attachment":[{"href":"https:\/\/elcensornoticias.com\/index.php?rest_route=%2Fwp%2Fv2%2Fmedia&parent=2121"}],"wp:term":[{"taxonomy":"category","embeddable":true,"href":"https:\/\/elcensornoticias.com\/index.php?rest_route=%2Fwp%2Fv2%2Fcategories&post=2121"},{"taxonomy":"post_tag","embeddable":true,"href":"https:\/\/elcensornoticias.com\/index.php?rest_route=%2Fwp%2Fv2%2Ftags&post=2121"}],"curies":[{"name":"wp","href":"https:\/\/api.w.org\/{rel}","templated":true}]}}