{"id":2069,"date":"2021-09-18T23:18:41","date_gmt":"2021-09-18T23:18:41","guid":{"rendered":"http:\/\/elcensornoticias.com\/?p=2069"},"modified":"2021-09-18T23:18:45","modified_gmt":"2021-09-18T23:18:45","slug":"inicia-la-semana-de-vacunacion-canina-y-felina-en-chiautempan","status":"publish","type":"post","link":"https:\/\/elcensornoticias.com\/?p=2069","title":{"rendered":"Inicia la semana de vacunaci\u00f3n canina y felina en Chiautempan"},"content":{"rendered":"\n<p>Ma\u00f1ana domingo inicia en el ayuntamiento de Chiautempan la \u201cJornada de vacunaci\u00f3n canina y felina\u201d, actividad en coordinaci\u00f3n con la Secretar\u00eda de Salud, a llevarse a cabo del 19 al 24 de septiembre en algunas comunidades del municipio.<\/p>\n\n\n\n<p>El presidente municipal Gustavo Jim\u00e9nez Romero, recalc\u00f3 la val\u00eda de las condiciones de salubridad, ya que a nivel nacional se tiene contemplada a la rabia como una prioridad de salud p\u00fablica, en ese sentido, la relevancia de romper con la circulaci\u00f3n del virus r\u00e1bico.<\/p>\n\n\n\n<p>Puntualiz\u00f3 que en las localidades del municipio en d\u00edas y horarios diferentes se instalar\u00e1n los m\u00f3dulos responsables de la inoculaci\u00f3n, ser\u00e1 a trav\u00e9s de los distintos medios con los que cuenta la actual administraci\u00f3n que se estar\u00e1 informando de los planes para esta actividad.\u00a0Estas acciones fortalecen la importancia y actualidad de campa\u00f1as de salud p\u00fablica, en este caso para esos seres compa\u00f1eros de vida; ya que sabemos de la importancia del debido orden de los cuadros de vacunaci\u00f3n de nuestras mascotas.<\/p>\n\n\n\n<p>No olvidemos que es responsabilidad de todos el cuidado de los seres vivos que nos rodean y ser\u00e1n el trabajo en quipo y la vocaci\u00f3n de servicio los c\u00f3mplices para construir un mejor municipio.<\/p>\n","protected":false},"excerpt":{"rendered":"<p>Ma\u00f1ana domingo inicia en el ayuntamiento de Chiautempan la \u201cJornada de vacunaci\u00f3n canina y felina\u201d, actividad en coordinaci\u00f3n con la Secretar\u00eda de Salud, a llevarse a cabo del 19 al 24 de septiembre en algunas comunidades del municipio. El presidente municipal Gustavo Jim\u00e9nez Romero, recalc\u00f3 la val\u00eda de las condiciones de salubridad, ya que a [&hellip;]<\/p>\n","protected":false},"author":1,"featured_media":2070,"comment_status":"open","ping_status":"open","sticky":false,"template":"","format":"standard","meta":{"advanced_seo_description":"","jetpack_seo_html_title":"","jetpack_seo_noindex":false,"footnotes":"","jetpack_publicize_message":"","jetpack_is_tweetstorm":false,"jetpack_publicize_feature_enabled":true,"jetpack_social_post_already_shared":false,"jetpack_social_options":{"image_generator_settings":{"template":"highway","enabled":false}}},"categories":[5,10],"tags":[],"class_list":["post-2069","post","type-post","status-publish","format-standard","has-post-thumbnail","hentry","category-carrucel","category-municipios"],"jetpack_publicize_connections":[],"jetpack_featured_media_url":"https:\/\/elcensornoticias.com\/wp-content\/uploads\/2021\/09\/IMG-20210917-WA0027.jpg","jetpack_likes_enabled":true,"jetpack_sharing_enabled":true,"jetpack_shortlink":"https:\/\/wp.me\/p6xy50-xn","_links":{"self":[{"href":"https:\/\/elcensornoticias.com\/index.php?rest_route=\/wp\/v2\/posts\/2069","targetHints":{"allow":["GET"]}}],"collection":[{"href":"https:\/\/elcensornoticias.com\/index.php?rest_route=\/wp\/v2\/posts"}],"about":[{"href":"https:\/\/elcensornoticias.com\/index.php?rest_route=\/wp\/v2\/types\/post"}],"author":[{"embeddable":true,"href":"https:\/\/elcensornoticias.com\/index.php?rest_route=\/wp\/v2\/users\/1"}],"replies":[{"embeddable":true,"href":"https:\/\/elcensornoticias.com\/index.php?rest_route=%2Fwp%2Fv2%2Fcomments&post=2069"}],"version-history":[{"count":1,"href":"https:\/\/elcensornoticias.com\/index.php?rest_route=\/wp\/v2\/posts\/2069\/revisions"}],"predecessor-version":[{"id":2071,"href":"https:\/\/elcensornoticias.com\/index.php?rest_route=\/wp\/v2\/posts\/2069\/revisions\/2071"}],"wp:featuredmedia":[{"embeddable":true,"href":"https:\/\/elcensornoticias.com\/index.php?rest_route=\/wp\/v2\/media\/2070"}],"wp:attachment":[{"href":"https:\/\/elcensornoticias.com\/index.php?rest_route=%2Fwp%2Fv2%2Fmedia&parent=2069"}],"wp:term":[{"taxonomy":"category","embeddable":true,"href":"https:\/\/elcensornoticias.com\/index.php?rest_route=%2Fwp%2Fv2%2Fcategories&post=2069"},{"taxonomy":"post_tag","embeddable":true,"href":"https:\/\/elcensornoticias.com\/index.php?rest_route=%2Fwp%2Fv2%2Ftags&post=2069"}],"curies":[{"name":"wp","href":"https:\/\/api.w.org\/{rel}","templated":true}]}}