{"id":2061,"date":"2021-09-16T18:59:35","date_gmt":"2021-09-16T18:59:35","guid":{"rendered":"http:\/\/elcensornoticias.com\/?p=2061"},"modified":"2021-09-16T18:59:44","modified_gmt":"2021-09-16T18:59:44","slug":"como-mexicanos-sigamos-unidos-ante-las-adversidades-maria-anita-chamorro-badillo","status":"publish","type":"post","link":"https:\/\/elcensornoticias.com\/?p=2061","title":{"rendered":"Como mexicanos, sigamos unidos ante las adversidades: Mar\u00eda Anita Chamorro Badillo"},"content":{"rendered":"\n<p>Conmemora Ayuntamiento de Yauhquemehcan el 211 aniversario de la Independencia de M\u00e9xico<br>\u201cComo mexicanos, sigamos unidos ante las adversidades. Estamos en una \u00e9poca de cambios y transiciones que traer\u00e1n a Yauhquemehcan y a Tlaxcala grandes oportunidades de desarrollo y bienestar, sigamos trabajando por ello\u201d, expres\u00f3 Mar\u00eda Anita Chamorro Badillo, presidenta municipal de Yauhquemehcan, durante los eventos de conmemoraci\u00f3n del 211 aniversario de la Independencia de M\u00e9xico.\u00a0<\/p>\n\n\n\n<p><br>Como parte de los actos protocolarios que acompa\u00f1an a estas fechas, el personal administrativo y los integrantes del Ayuntamiento de Yauhquemehcan, efectuaron los homenajes correspondientes a los l\u00e1baros patrios el 15 de septiembre, con el izamiento de la bandera a media asta.\u00a0<\/p>\n\n\n\n<p><br>Por la noche, y de forma poco concurrida, se realiz\u00f3 el acto conmemorativo del Grito de Dolores, efectuado por Chamorro Badillo en presencia del cabildo, los presidentes de comunidad y personal administrativo del ayuntamiento; este acto se transmiti\u00f3 a la ciudadan\u00eda a trav\u00e9s de las redes sociales, como una forma de seguridad sanitaria y prevenci\u00f3n de contagios de Covid-19.<\/p>\n\n\n\n<p><br>Tras este acto, la presidenta municipal extern\u00f3 en un discurso al cabildo y los presidentes de comunidad que \u201cdebemos seguir trabajando por nuestra poblaci\u00f3n, reflejar el orgullo de ser mexicanos, tlaxcaltecas y yauhquemequenses en cada una de nuestras acciones y nuestro trabajo\u201d.\u00a0<\/p>\n\n\n\n<p><br>Para finalizar los actos protocolarios de conmemoraci\u00f3n, la ma\u00f1ana del 16 se realiz\u00f3 el izamiento de bandera a asta completa, as\u00ed como un homenaje que conmemora las acciones de los h\u00e9roes patrios y el movimiento independentista que promovi\u00f3 la liberaci\u00f3n del territorio de la Nueva Espa\u00f1a 11 a\u00f1os despu\u00e9s, con la firma del acta de independencia el 27 de septiembre de 1821.\u00a0<\/p>\n\n\n\n<p><\/p>\n","protected":false},"excerpt":{"rendered":"<p>Conmemora Ayuntamiento de Yauhquemehcan el 211 aniversario de la Independencia de M\u00e9xico\u201cComo mexicanos, sigamos unidos ante las adversidades. Estamos en una \u00e9poca de cambios y transiciones que traer\u00e1n a Yauhquemehcan y a Tlaxcala grandes oportunidades de desarrollo y bienestar, sigamos trabajando por ello\u201d, expres\u00f3 Mar\u00eda Anita Chamorro Badillo, presidenta municipal de Yauhquemehcan, durante los eventos [&hellip;]<\/p>\n","protected":false},"author":1,"featured_media":2062,"comment_status":"open","ping_status":"open","sticky":false,"template":"","format":"standard","meta":{"advanced_seo_description":"","jetpack_seo_html_title":"","jetpack_seo_noindex":false,"footnotes":"","jetpack_publicize_message":"","jetpack_is_tweetstorm":false,"jetpack_publicize_feature_enabled":true,"jetpack_social_post_already_shared":false,"jetpack_social_options":{"image_generator_settings":{"template":"highway","enabled":false}}},"categories":[5,10],"tags":[],"class_list":["post-2061","post","type-post","status-publish","format-standard","has-post-thumbnail","hentry","category-carrucel","category-municipios"],"jetpack_publicize_connections":[],"jetpack_featured_media_url":"https:\/\/elcensornoticias.com\/wp-content\/uploads\/2021\/09\/IMG-20210916-WA0012.jpg","jetpack_likes_enabled":true,"jetpack_sharing_enabled":true,"jetpack_shortlink":"https:\/\/wp.me\/p6xy50-xf","_links":{"self":[{"href":"https:\/\/elcensornoticias.com\/index.php?rest_route=\/wp\/v2\/posts\/2061","targetHints":{"allow":["GET"]}}],"collection":[{"href":"https:\/\/elcensornoticias.com\/index.php?rest_route=\/wp\/v2\/posts"}],"about":[{"href":"https:\/\/elcensornoticias.com\/index.php?rest_route=\/wp\/v2\/types\/post"}],"author":[{"embeddable":true,"href":"https:\/\/elcensornoticias.com\/index.php?rest_route=\/wp\/v2\/users\/1"}],"replies":[{"embeddable":true,"href":"https:\/\/elcensornoticias.com\/index.php?rest_route=%2Fwp%2Fv2%2Fcomments&post=2061"}],"version-history":[{"count":1,"href":"https:\/\/elcensornoticias.com\/index.php?rest_route=\/wp\/v2\/posts\/2061\/revisions"}],"predecessor-version":[{"id":2063,"href":"https:\/\/elcensornoticias.com\/index.php?rest_route=\/wp\/v2\/posts\/2061\/revisions\/2063"}],"wp:featuredmedia":[{"embeddable":true,"href":"https:\/\/elcensornoticias.com\/index.php?rest_route=\/wp\/v2\/media\/2062"}],"wp:attachment":[{"href":"https:\/\/elcensornoticias.com\/index.php?rest_route=%2Fwp%2Fv2%2Fmedia&parent=2061"}],"wp:term":[{"taxonomy":"category","embeddable":true,"href":"https:\/\/elcensornoticias.com\/index.php?rest_route=%2Fwp%2Fv2%2Fcategories&post=2061"},{"taxonomy":"post_tag","embeddable":true,"href":"https:\/\/elcensornoticias.com\/index.php?rest_route=%2Fwp%2Fv2%2Ftags&post=2061"}],"curies":[{"name":"wp","href":"https:\/\/api.w.org\/{rel}","templated":true}]}}