{"id":2046,"date":"2021-09-16T18:32:38","date_gmt":"2021-09-16T18:32:38","guid":{"rendered":"http:\/\/elcensornoticias.com\/?p=2046"},"modified":"2021-09-16T18:32:45","modified_gmt":"2021-09-16T18:32:45","slug":"con-estrenos-y-programas-especiales-la-ocba-realizara-su-segunda-temporada-del-ano","status":"publish","type":"post","link":"https:\/\/elcensornoticias.com\/?p=2046","title":{"rendered":"Con estrenos y programas especiales, la OCBA realizar\u00e1 su segunda temporada del a\u00f1o"},"content":{"rendered":"\n<ul class=\"wp-block-list\"><li><strong>Las presentaciones comprenden del 23 de septiembre al 9 de diciembre en la Sala Principal del Palacio de Bellas Artes<\/strong><\/li><li><strong>La agrupaci\u00f3n de INBAL celebrar\u00e1 el 14 de octubre su 65 aniversario, con Jorge Federico Osorio como solista invitado<\/strong><\/li><\/ul>\n\n\n\n<p>La Secretar\u00eda de Cultura del Gobierno de M\u00e9xico, a trav\u00e9s del Instituto Nacional de Bellas Artes y Literatura (INBAL), invita a la segunda temporada 2021 de la Orquesta de C\u00e1mara de Bellas Artes (OCBA), para la cual se han preparado 12 programas especiales que ser\u00e1n presentados del 23 de septiembre al 9 de diciembre en el marco de la campa\u00f1a #VolverAVerte. La actividad m\u00e1s destacada ser\u00e1 la celebraci\u00f3n de su 65 aniversario, el jueves 14 de octubre en la Sala Principal del Palacio de Bellas Artes, con la participaci\u00f3n como solista invitado del pianista mexicano Jorge Federico Osorio.&nbsp;<\/p>\n\n\n\n<p>A decir del director art\u00edstico de la agrupaci\u00f3n del INBAL, Ludwig Carrasco, existe gran inter\u00e9s en dar a conocer el trabajo de compositoras y compositores nacionales, por lo cual se realizar\u00e1 el estreno mundial de piezas de Juan Jos\u00e9 B\u00e1rcenas, Alejandra Hern\u00e1ndez, David Hern\u00e1ndez-Ramos, Juan Pablo Medina y Marcela Rodr\u00edguez, as\u00ed como del estadounidense William Harvey y del venezolano Reinaldo Moya.<\/p>\n\n\n\n<p>La presencia de obra nacional continuar\u00e1 en la temporada al interpretar piezas de Carlos Ch\u00e1vez, Laura Ch\u00e1vez-Blanco, Leonardo Coral, Manuel M. Ponce y Manuel Reyes Meave, las cuales formar\u00e1n parte de las diversas presentaciones enmarcadas en este programa.<\/p>\n\n\n\n<p>De igual forma, se llevar\u00e1n a cabo dos estrenos de importantes creadores que son poco conocidos en M\u00e9xico: el arpista y compositor brit\u00e1nico Elias Parish Alvars y el polaco Mieczys\u0142aw Weinberg.<\/p>\n\n\n\n<p>Tambi\u00e9n ser\u00e1 oportunidad para conmemorar a Antonin Dvo\u0159\u00e1k (180 aniversario del nacimiento), Gerald Finzi (120 a\u00f1os de su natalicio), Wolfgang Amadeus Mozart (265 a\u00f1os de su nacimiento y 230 de su muerte), Astor Piazzolla (100 a\u00f1os de su natalicio) y Nino Rota (110 aniversario de su nacimiento).<\/p>\n\n\n\n<p>Ser\u00e1 una celebraci\u00f3n atractiva con la participaci\u00f3n de reconocidos directores hu\u00e9spedes, como Jos\u00e9 Are\u00e1n, Jorge Casanova, Luis Samuel Saloma, Luis Manuel S\u00e1nchez y Vladimir Sagaydo, y de las y los solistas invitados, como Rafael Ancheta, Rachid Bernal, Ulises Castillo, Ana Gabriela Fern\u00e1ndez, William Harvey, Baltazar Ju\u00e1rez, Iv\u00e1n Manzanilla, Silvia Navarrete, Jorge Federico Osorio, David Rivera y Pastor Sol\u00eds.<\/p>\n\n\n\n<p>Para cerrar con broche de oro su segunda temporada 2021, la OCBA ofrecer\u00e1 un concierto en la Sala Principal del Palacio de Bellas Artes en el marco del 75 aniversario del INBAL y un homenaje especial a Carlos Ch\u00e1vez, su primer director general.<\/p>\n\n\n\n<p>En la presentaci\u00f3n de sus diferentes actividades habr\u00e1 un estricto apego a las medidas de protecci\u00f3n para artistas, trabajadores y asistentes, las cuales consisten en la instalaci\u00f3n de un filtro sanitario con tapete desinfectante, aplicaci\u00f3n de gel antibacterial, revisi\u00f3n de la temperatura que no rebase los 37.5\u00baC, uso obligatorio de cubreboca al momento del acceso y durante las funciones, y respeto a la sana distancia. El cambio de programaci\u00f3n est\u00e1 sujeto a los sem\u00e1foros epidemiol\u00f3gicos establecidos por las autoridades de las secretar\u00edas de Salud y de Cultura, as\u00ed como del Gobierno de la Ciudad de M\u00e9xico.<\/p>\n","protected":false},"excerpt":{"rendered":"<p>Las presentaciones comprenden del 23 de septiembre al 9 de diciembre en la Sala Principal del Palacio de Bellas Artes La agrupaci\u00f3n de INBAL celebrar\u00e1 el 14 de octubre su 65 aniversario, con Jorge Federico Osorio como solista invitado La Secretar\u00eda de Cultura del Gobierno de M\u00e9xico, a trav\u00e9s del Instituto Nacional de Bellas Artes [&hellip;]<\/p>\n","protected":false},"author":1,"featured_media":2047,"comment_status":"open","ping_status":"open","sticky":false,"template":"","format":"standard","meta":{"advanced_seo_description":"","jetpack_seo_html_title":"","jetpack_seo_noindex":false,"footnotes":"","jetpack_publicize_message":"","jetpack_is_tweetstorm":false,"jetpack_publicize_feature_enabled":true,"jetpack_social_post_already_shared":false,"jetpack_social_options":{"image_generator_settings":{"template":"highway","enabled":false}}},"categories":[26,4],"tags":[],"class_list":["post-2046","post","type-post","status-publish","format-standard","has-post-thumbnail","hentry","category-cultura","category-noticias"],"jetpack_publicize_connections":[],"jetpack_featured_media_url":"https:\/\/elcensornoticias.com\/wp-content\/uploads\/2021\/09\/OCBA-foto-archivo.jpg","jetpack_likes_enabled":true,"jetpack_sharing_enabled":true,"jetpack_shortlink":"https:\/\/wp.me\/p6xy50-x0","_links":{"self":[{"href":"https:\/\/elcensornoticias.com\/index.php?rest_route=\/wp\/v2\/posts\/2046","targetHints":{"allow":["GET"]}}],"collection":[{"href":"https:\/\/elcensornoticias.com\/index.php?rest_route=\/wp\/v2\/posts"}],"about":[{"href":"https:\/\/elcensornoticias.com\/index.php?rest_route=\/wp\/v2\/types\/post"}],"author":[{"embeddable":true,"href":"https:\/\/elcensornoticias.com\/index.php?rest_route=\/wp\/v2\/users\/1"}],"replies":[{"embeddable":true,"href":"https:\/\/elcensornoticias.com\/index.php?rest_route=%2Fwp%2Fv2%2Fcomments&post=2046"}],"version-history":[{"count":1,"href":"https:\/\/elcensornoticias.com\/index.php?rest_route=\/wp\/v2\/posts\/2046\/revisions"}],"predecessor-version":[{"id":2048,"href":"https:\/\/elcensornoticias.com\/index.php?rest_route=\/wp\/v2\/posts\/2046\/revisions\/2048"}],"wp:featuredmedia":[{"embeddable":true,"href":"https:\/\/elcensornoticias.com\/index.php?rest_route=\/wp\/v2\/media\/2047"}],"wp:attachment":[{"href":"https:\/\/elcensornoticias.com\/index.php?rest_route=%2Fwp%2Fv2%2Fmedia&parent=2046"}],"wp:term":[{"taxonomy":"category","embeddable":true,"href":"https:\/\/elcensornoticias.com\/index.php?rest_route=%2Fwp%2Fv2%2Fcategories&post=2046"},{"taxonomy":"post_tag","embeddable":true,"href":"https:\/\/elcensornoticias.com\/index.php?rest_route=%2Fwp%2Fv2%2Ftags&post=2046"}],"curies":[{"name":"wp","href":"https:\/\/api.w.org\/{rel}","templated":true}]}}