{"id":2040,"date":"2021-09-16T17:57:57","date_gmt":"2021-09-16T17:57:57","guid":{"rendered":"http:\/\/elcensornoticias.com\/?p=2040"},"modified":"2021-09-16T17:58:03","modified_gmt":"2021-09-16T17:58:03","slug":"la-gobernadora-lorena-cuellar-encabezo-el-grito-de-independencia-de-manera-virtual","status":"publish","type":"post","link":"https:\/\/elcensornoticias.com\/?p=2040","title":{"rendered":"LA GOBERNADORA LORENA CU\u00c9LLAR ENCABEZ\u00d3 EL GRITO DE INDEPENDENCIA DE MANERA VIRTUAL"},"content":{"rendered":"\n<p>La administraci\u00f3n estatal privilegia el cuidado a la salud sobre cualquier celebraci\u00f3n.<\/p>\n\n\n\n<p>La gobernadora Lorena Cu\u00e9llar Cisneros encabez\u00f3 la ceremonia conmemorativa del 211 Aniversario del Grito de Independencia de M\u00e9xico en Palacio de Gobierno, de manera virtual, en apego a las medidas restrictivas para disminuir los contagios por Covid-19.<\/p>\n\n\n\n<p>En el balc\u00f3n central onde\u00f3 la Bandera Nacional y vitore\u00f3 a los h\u00e9roes Miguel Hidalgo, Jos\u00e9 Mar\u00eda Morelos y Pav\u00f3n, Josefa Ortiz de Dom\u00ednguez, Ignacio Allende, Juan Aldama, Mariano Matamoros, Vicente Guerrero, as\u00ed como a M\u00e9xico y Tlaxcala, en lo que fue su primer Grito de Independencia.<\/p>\n\n\n\n<p>Previamente se celebr\u00f3 el homenaje al interior de Sal\u00f3n Rojo en el que participaron la presidenta de la Mesa Directiva del Congreso local, Alejandra Ram\u00edrez Ortiz; el magistrado presidente del Tribunal Superior de Justicia del Estado (TSJE), H\u00e9ctor Maldonado Bonilla y el comandante de la 23 Zona Militar, Jos\u00e9 Joaqu\u00edn Jim\u00e9nez Cueto.<\/p>\n\n\n\n<p>El presidente municipal de Tlaxcala, Jorge Corichi Fragoso dio lectura al Acta de Independencia, como parte del protocolo c\u00edvico militar.<\/p>\n\n\n\n<p>Al t\u00e9rmino del evento, la mandataria local sali\u00f3 al balc\u00f3n de Palacio de Gobierno a presenciar la quema de fuegos pirot\u00e9cnicos, en compa\u00f1\u00eda de familiares y representantes de los Poderes Legislativo y Judicial.<\/p>\n\n\n\n<p>La ceremonia fue grabada y transmitida minutos despu\u00e9s de las 23:00 horas por televisi\u00f3n, plataformas digitales y radiodifusoras del gobierno del estado, con el fin de evitar aglomeraciones que pusieran en riesgo la salud de la poblaci\u00f3n tlaxcalteca.<\/p>\n\n\n\n<p>Recordar que se determin\u00f3 la suspensi\u00f3n del desfile c\u00edvico-militar del 16 de septiembre.<\/p>\n","protected":false},"excerpt":{"rendered":"<p>La administraci\u00f3n estatal privilegia el cuidado a la salud sobre cualquier celebraci\u00f3n. La gobernadora Lorena Cu\u00e9llar Cisneros encabez\u00f3 la ceremonia conmemorativa del 211 Aniversario del Grito de Independencia de M\u00e9xico en Palacio de Gobierno, de manera virtual, en apego a las medidas restrictivas para disminuir los contagios por Covid-19. En el balc\u00f3n central onde\u00f3 la [&hellip;]<\/p>\n","protected":false},"author":1,"featured_media":2041,"comment_status":"open","ping_status":"open","sticky":false,"template":"","format":"standard","meta":{"advanced_seo_description":"","jetpack_seo_html_title":"","jetpack_seo_noindex":false,"footnotes":"","jetpack_publicize_message":"","jetpack_is_tweetstorm":false,"jetpack_publicize_feature_enabled":true,"jetpack_social_post_already_shared":false,"jetpack_social_options":{"image_generator_settings":{"template":"highway","enabled":false}}},"categories":[5,3],"tags":[],"class_list":["post-2040","post","type-post","status-publish","format-standard","has-post-thumbnail","hentry","category-carrucel","category-gobierno"],"jetpack_publicize_connections":[],"jetpack_featured_media_url":"https:\/\/elcensornoticias.com\/wp-content\/uploads\/2021\/09\/150921_LC_GRITOINDEPEN_1.jpeg","jetpack_likes_enabled":true,"jetpack_sharing_enabled":true,"jetpack_shortlink":"https:\/\/wp.me\/p6xy50-wU","_links":{"self":[{"href":"https:\/\/elcensornoticias.com\/index.php?rest_route=\/wp\/v2\/posts\/2040","targetHints":{"allow":["GET"]}}],"collection":[{"href":"https:\/\/elcensornoticias.com\/index.php?rest_route=\/wp\/v2\/posts"}],"about":[{"href":"https:\/\/elcensornoticias.com\/index.php?rest_route=\/wp\/v2\/types\/post"}],"author":[{"embeddable":true,"href":"https:\/\/elcensornoticias.com\/index.php?rest_route=\/wp\/v2\/users\/1"}],"replies":[{"embeddable":true,"href":"https:\/\/elcensornoticias.com\/index.php?rest_route=%2Fwp%2Fv2%2Fcomments&post=2040"}],"version-history":[{"count":1,"href":"https:\/\/elcensornoticias.com\/index.php?rest_route=\/wp\/v2\/posts\/2040\/revisions"}],"predecessor-version":[{"id":2042,"href":"https:\/\/elcensornoticias.com\/index.php?rest_route=\/wp\/v2\/posts\/2040\/revisions\/2042"}],"wp:featuredmedia":[{"embeddable":true,"href":"https:\/\/elcensornoticias.com\/index.php?rest_route=\/wp\/v2\/media\/2041"}],"wp:attachment":[{"href":"https:\/\/elcensornoticias.com\/index.php?rest_route=%2Fwp%2Fv2%2Fmedia&parent=2040"}],"wp:term":[{"taxonomy":"category","embeddable":true,"href":"https:\/\/elcensornoticias.com\/index.php?rest_route=%2Fwp%2Fv2%2Fcategories&post=2040"},{"taxonomy":"post_tag","embeddable":true,"href":"https:\/\/elcensornoticias.com\/index.php?rest_route=%2Fwp%2Fv2%2Ftags&post=2040"}],"curies":[{"name":"wp","href":"https:\/\/api.w.org\/{rel}","templated":true}]}}