{"id":2026,"date":"2021-09-16T17:41:25","date_gmt":"2021-09-16T17:41:25","guid":{"rendered":"http:\/\/elcensornoticias.com\/?p=2026"},"modified":"2021-09-16T17:41:31","modified_gmt":"2021-09-16T17:41:31","slug":"apostara-tlaxcala-por-convertirse-en-capital-turistica-y-cultural","status":"publish","type":"post","link":"https:\/\/elcensornoticias.com\/?p=2026","title":{"rendered":"Apostar\u00e1 Tlaxcala por convertirse en capital tur\u00edstica y cultural"},"content":{"rendered":"\n<p>Alinean esfuerzos gobiernos municipal, estatal y federal.<\/p>\n\n\n\n<p><br>La administraci\u00f3n 2021-2024 de Tlaxcala Capital, encabezada por el presidente municipal, Jorge Corichi, trabaja en estrecha coordinaci\u00f3n con autoridades estatales y federales.<\/p>\n\n\n\n<p>En este marco, se realiz\u00f3 un productivo encuentro entre al alcalde y Antonio Mart\u00ednez Vel\u00e1zquez; Director General del Instituto Tlaxcalteca de la Cultura (ITC),\u00a0 Helena Hern\u00e1ndez de Valle-Arizpe; Coordinadora de Programaci\u00f3n Cultural en la sede Tlaxcala y Jos\u00e9 Vicente de la Rosa; Delegado del Instituto Nacional de Antropolog\u00eda e Historia (INAH) en Tlaxcala.\u00a0Durante la reuni\u00f3n, los servidores p\u00fablicos acordaron sumar esfuerzos para llevar a la capital de la entidad a un nuevo rumbo donde la cultura sea resignificada y el pueblo tenga un papel protag\u00f3nico.\u00a0Se pact\u00f3 que de la mano de colaboradores de la gobernadora, Lorena Cu\u00e9llar y del presidente de M\u00e9xico, Andr\u00e9s Manuel L\u00f3pez Obrador, el Ayuntamiento de Tlaxcala pueda convertir a las comunidades, colonias y zona urbana en una capital cultural y tur\u00edstica.\u00a0Derivado de la reuni\u00f3n, se labora ya en un calendario de actividades que servir\u00e1n para mostrar las maravillas de la cultura tlaxcalteca en el resto de M\u00e9xico y varias partes del mundo.\u00a0<\/p>\n","protected":false},"excerpt":{"rendered":"<p>Alinean esfuerzos gobiernos municipal, estatal y federal. La administraci\u00f3n 2021-2024 de Tlaxcala Capital, encabezada por el presidente municipal, Jorge Corichi, trabaja en estrecha coordinaci\u00f3n con autoridades estatales y federales. En este marco, se realiz\u00f3 un productivo encuentro entre al alcalde y Antonio Mart\u00ednez Vel\u00e1zquez; Director General del Instituto Tlaxcalteca de la Cultura (ITC),\u00a0 Helena Hern\u00e1ndez [&hellip;]<\/p>\n","protected":false},"author":1,"featured_media":2027,"comment_status":"open","ping_status":"open","sticky":false,"template":"","format":"standard","meta":{"advanced_seo_description":"","jetpack_seo_html_title":"","jetpack_seo_noindex":false,"footnotes":"","jetpack_publicize_message":"","jetpack_is_tweetstorm":false,"jetpack_publicize_feature_enabled":true,"jetpack_social_post_already_shared":false,"jetpack_social_options":{"image_generator_settings":{"template":"highway","enabled":false}}},"categories":[5,10],"tags":[],"class_list":["post-2026","post","type-post","status-publish","format-standard","has-post-thumbnail","hentry","category-carrucel","category-municipios"],"jetpack_publicize_connections":[],"jetpack_featured_media_url":"https:\/\/elcensornoticias.com\/wp-content\/uploads\/2021\/09\/IMG-20210915-WA0021.jpg","jetpack_likes_enabled":true,"jetpack_sharing_enabled":true,"jetpack_shortlink":"https:\/\/wp.me\/p6xy50-wG","_links":{"self":[{"href":"https:\/\/elcensornoticias.com\/index.php?rest_route=\/wp\/v2\/posts\/2026","targetHints":{"allow":["GET"]}}],"collection":[{"href":"https:\/\/elcensornoticias.com\/index.php?rest_route=\/wp\/v2\/posts"}],"about":[{"href":"https:\/\/elcensornoticias.com\/index.php?rest_route=\/wp\/v2\/types\/post"}],"author":[{"embeddable":true,"href":"https:\/\/elcensornoticias.com\/index.php?rest_route=\/wp\/v2\/users\/1"}],"replies":[{"embeddable":true,"href":"https:\/\/elcensornoticias.com\/index.php?rest_route=%2Fwp%2Fv2%2Fcomments&post=2026"}],"version-history":[{"count":1,"href":"https:\/\/elcensornoticias.com\/index.php?rest_route=\/wp\/v2\/posts\/2026\/revisions"}],"predecessor-version":[{"id":2028,"href":"https:\/\/elcensornoticias.com\/index.php?rest_route=\/wp\/v2\/posts\/2026\/revisions\/2028"}],"wp:featuredmedia":[{"embeddable":true,"href":"https:\/\/elcensornoticias.com\/index.php?rest_route=\/wp\/v2\/media\/2027"}],"wp:attachment":[{"href":"https:\/\/elcensornoticias.com\/index.php?rest_route=%2Fwp%2Fv2%2Fmedia&parent=2026"}],"wp:term":[{"taxonomy":"category","embeddable":true,"href":"https:\/\/elcensornoticias.com\/index.php?rest_route=%2Fwp%2Fv2%2Fcategories&post=2026"},{"taxonomy":"post_tag","embeddable":true,"href":"https:\/\/elcensornoticias.com\/index.php?rest_route=%2Fwp%2Fv2%2Ftags&post=2026"}],"curies":[{"name":"wp","href":"https:\/\/api.w.org\/{rel}","templated":true}]}}