{"id":2016,"date":"2021-09-15T18:09:52","date_gmt":"2021-09-15T18:09:52","guid":{"rendered":"http:\/\/elcensornoticias.com\/?p=2016"},"modified":"2021-09-15T18:09:56","modified_gmt":"2021-09-15T18:09:56","slug":"el-festival-internacional-de-musica-y-nuevas-tecnologias-visiones-sonoras-celebrara-su-edicion-17","status":"publish","type":"post","link":"https:\/\/elcensornoticias.com\/?p=2016","title":{"rendered":"El Festival Internacional de M\u00fasica y Nuevas Tecnolog\u00edas \u201cVisiones Sonoras\u201d celebrar\u00e1 su edici\u00f3n 17"},"content":{"rendered":"\n<ul class=\"wp-block-list\"><li><strong>Del 22 al 24 de septiembre, se ofrecer\u00e1n diversas propuestas art\u00edsticas de creadores mexicanos y de 26 pa\u00edses invitados aprovechando una nueva plataforma virtual&nbsp;<\/strong><\/li><\/ul>\n\n\n\n<p><strong><\/strong>Con un programa de actividades que se desarrollar\u00e1 en una plataforma en l\u00ednea \u00fanica en su tipo, el Centro Mexicano para la M\u00fasica y las Artes Sonoras (CMMAS) celebra la edici\u00f3n 17 del Festival Internacional de M\u00fasica y Nuevas Tecnolog\u00edas \u201cVisiones Sonoras\u201d 2021, el cual se llevar\u00e1 a cabo entre el 22 y el 24 de septiembre, comenta en entrevista el director del centro, Rodrigo Sigal Sefchovich.&nbsp;<\/p>\n\n\n\n<p>Agrega que, como consecuencia de la experiencia del festival pasado, en donde se tuvieron que adaptar todas las actividades a un formato completamente en l\u00ednea, debido a la emergencia sanitaria por la COVID-19, este a\u00f1o decidieron innovar nuevamente, al utilizar por primera ocasi\u00f3n una plataforma que ofrece a las y los espectadores recorrer, de forma virtual, la sede de los conciertos.&nbsp;<\/p>\n\n\n\n<p>\u201cEs una plataforma que se cre\u00f3 originalmente para congresos m\u00e9dicos, pero nosotros la adaptamos a las necesidades del Festival. Las personas entran a esta plataforma con un acceso y toda la experiencia en l\u00ednea es como si estuvieran en un recinto, se van a poder mover entre salas, auditorios y salones en donde habr\u00e1 mesas, conferencias; se abrir\u00e1n pantallas, se podr\u00e1 iniciar conversaciones con las otros asistentes, pero todo de manera virtual y sin salir de casa. Todo el evento se podr\u00e1 ver en tiempo real\u201d, explica el director del CMMAS. &nbsp;<\/p>\n\n\n\n<p>De acuerdo con Sigal, este nuevo formato permitir\u00e1 a las y los asistentes de \u201cVisiones Sonoras\u201d interactuar de manera m\u00e1s eficaz con m\u00e1s de 200 artistas invitadas e invitados provenientes de 26 pa\u00edses como Estados Unidos, Argentina, Chile, Canad\u00e1, Francia, Reino Unido, entre otros. &nbsp;<\/p>\n\n\n\n<p>Asimismo, se contar\u00e1 con la participaci\u00f3n de acad\u00e9micas y acad\u00e9micos de 25 instituciones a nivel internacional, quienes ofrecer\u00e1n conferencias, talleres y mesas de di\u00e1logo durante los tres d\u00edas del evento. &nbsp;<\/p>\n\n\n\n<p>\u201cTendremos 76 conferencias, seis mesas redondas de artistas latinoamericanos hablando sobre la tem\u00e1tica de las tecnolog\u00edas en la \u00e9poca de la COVID-19, el entorno de artistas sonoros como protagonistas del cambio social; los videojuegos, y la creaci\u00f3n y escucha actual con nuevas tecnolog\u00edas. Contaremos con la participaci\u00f3n de artistas como el compositor franc\u00e9s, Francis Dhomont, que es la eminencia viva en el planeta sobre m\u00fasica y tecnolog\u00eda, tendremos obras de compositores importantes como Javier \u00c1lvarez de M\u00e9xico, Adina Izarra de Venezuela; presentaremos la \u00f3pera de Daniel Quaranta, compositor argentino-brasile\u00f1o que presentar\u00e1 esta obra en su versi\u00f3n en l\u00ednea por primera vez. En fin, ser\u00e1 el festival m\u00e1s grande que hemos tenido\u201d, detalla Sigal Sefchovich.&nbsp;<\/p>\n\n\n\n<p>\u201cVisiones Sonoras\u201d 2021 arrancar\u00e1 sus actividades el 22 de septiembre a partir de las 10:00 horas. Las personas podr\u00e1n elegir libremente los conciertos, mesas redondas y actividades acad\u00e9micas a las que quieran asistir y, de acuerdo con el director del CMMAS, habr\u00e1 disponible un foro permanente para interacciones de texto con otros participantes.&nbsp;<\/p>\n\n\n\n<p>Todos los eventos ser\u00e1n gratuitos y de libre acceso; sin embargo, Sigal explica que algunos conciertos y conferencias requerir\u00e1n de registro previo por ser de cupo limitado. La informaci\u00f3n completa del festival, as\u00ed como los accesos a los eventos estar\u00e1n disponibles en\u00a0<a rel=\"noreferrer noopener\" href=\"http:\/\/www.visionessonoras.org\/\" target=\"_blank\">www.visionessonoras.org<\/a> <\/p>\n\n\n\n<p>El Festival Internacional de M\u00fasica y Nuevas Tecnolog\u00edas \u201cVisiones Sonoras\u201d se lleva a cabo desde hace 17 a\u00f1os en Morelia, Michoac\u00e1n, con apoyo del Centro Nacional de las Artes, instituci\u00f3n de la Secretar\u00eda de Cultura del Gobierno de M\u00e9xico, la Secretar\u00eda de Cultura de Michoac\u00e1n y la Escuela Nacional de Estudios Superiores de la Universidad Nacional Aut\u00f3noma de M\u00e9xico (UNAM).\u00a0\u00a0<\/p>\n","protected":false},"excerpt":{"rendered":"<p>Del 22 al 24 de septiembre, se ofrecer\u00e1n diversas propuestas art\u00edsticas de creadores mexicanos y de 26 pa\u00edses invitados aprovechando una nueva plataforma virtual&nbsp; Con un programa de actividades que se desarrollar\u00e1 en una plataforma en l\u00ednea \u00fanica en su tipo, el Centro Mexicano para la M\u00fasica y las Artes Sonoras (CMMAS) celebra la edici\u00f3n [&hellip;]<\/p>\n","protected":false},"author":1,"featured_media":2017,"comment_status":"open","ping_status":"open","sticky":false,"template":"","format":"standard","meta":{"advanced_seo_description":"","jetpack_seo_html_title":"","jetpack_seo_noindex":false,"footnotes":"","jetpack_publicize_message":"","jetpack_is_tweetstorm":false,"jetpack_publicize_feature_enabled":true,"jetpack_social_post_already_shared":false,"jetpack_social_options":{"image_generator_settings":{"template":"highway","enabled":false}}},"categories":[26,4],"tags":[],"class_list":["post-2016","post","type-post","status-publish","format-standard","has-post-thumbnail","hentry","category-cultura","category-noticias"],"jetpack_publicize_connections":[],"jetpack_featured_media_url":"https:\/\/elcensornoticias.com\/wp-content\/uploads\/2021\/09\/VisionesSonoras2.jpeg","jetpack_likes_enabled":true,"jetpack_sharing_enabled":true,"jetpack_shortlink":"https:\/\/wp.me\/p6xy50-ww","_links":{"self":[{"href":"https:\/\/elcensornoticias.com\/index.php?rest_route=\/wp\/v2\/posts\/2016","targetHints":{"allow":["GET"]}}],"collection":[{"href":"https:\/\/elcensornoticias.com\/index.php?rest_route=\/wp\/v2\/posts"}],"about":[{"href":"https:\/\/elcensornoticias.com\/index.php?rest_route=\/wp\/v2\/types\/post"}],"author":[{"embeddable":true,"href":"https:\/\/elcensornoticias.com\/index.php?rest_route=\/wp\/v2\/users\/1"}],"replies":[{"embeddable":true,"href":"https:\/\/elcensornoticias.com\/index.php?rest_route=%2Fwp%2Fv2%2Fcomments&post=2016"}],"version-history":[{"count":1,"href":"https:\/\/elcensornoticias.com\/index.php?rest_route=\/wp\/v2\/posts\/2016\/revisions"}],"predecessor-version":[{"id":2018,"href":"https:\/\/elcensornoticias.com\/index.php?rest_route=\/wp\/v2\/posts\/2016\/revisions\/2018"}],"wp:featuredmedia":[{"embeddable":true,"href":"https:\/\/elcensornoticias.com\/index.php?rest_route=\/wp\/v2\/media\/2017"}],"wp:attachment":[{"href":"https:\/\/elcensornoticias.com\/index.php?rest_route=%2Fwp%2Fv2%2Fmedia&parent=2016"}],"wp:term":[{"taxonomy":"category","embeddable":true,"href":"https:\/\/elcensornoticias.com\/index.php?rest_route=%2Fwp%2Fv2%2Fcategories&post=2016"},{"taxonomy":"post_tag","embeddable":true,"href":"https:\/\/elcensornoticias.com\/index.php?rest_route=%2Fwp%2Fv2%2Ftags&post=2016"}],"curies":[{"name":"wp","href":"https:\/\/api.w.org\/{rel}","templated":true}]}}