{"id":2010,"date":"2021-09-15T18:04:09","date_gmt":"2021-09-15T18:04:09","guid":{"rendered":"http:\/\/elcensornoticias.com\/?p=2010"},"modified":"2021-09-15T18:04:13","modified_gmt":"2021-09-15T18:04:13","slug":"pleno-del-tsje-sesiona-en-modalidad-presencial-mixta","status":"publish","type":"post","link":"https:\/\/elcensornoticias.com\/?p=2010","title":{"rendered":"Pleno del TSJE sesiona en modalidad presencial mixta"},"content":{"rendered":"\n<p>En la sesi\u00f3n ordinaria de este martes, la magistrada Mary Cruz Cort\u00e9s Ornelas particip\u00f3 v\u00eda digital&nbsp;<\/p>\n\n\n\n<p>Fue, este martes 14 de septiembre, que en la Sala de Plenos de Ciudad Judicial, una vez declarada la apertura de la sesi\u00f3n ordinaria, el magistrado presidente del Tribunal Superior de Justicia y del Consejo de la Judicatura del Estado (TSJE-CJE), H\u00e9ctor Maldonado Bonilla, instruy\u00f3 al Secretario General de Acuerdos para que verificar\u00e1 la asistencia de sus integrantes, encontr\u00e1ndose a seis magistrados presentes &nbsp;y a la magistrada Mary Cruz Cort\u00e9s Ornelas, telepresente, a trav\u00e9s de una v\u00eda de comunicaci\u00f3n digital, &nbsp;por lo que, existiendo el Quorum Legal, el magistrado presidente procedi\u00f3 a declarar el inicio de la sesi\u00f3n y a desahogar los asuntos del orden del d\u00eda.<\/p>\n\n\n\n<p>Lo anterior, debido a que por motivos de salud &nbsp;la magistrada Mary Cruz Cort\u00e9s Ornelas, se encuentra en resguardo domiciliario voluntario, pero contin\u00faa con sus actividades jurisdiccionales en la modalidad a distancia, privilegiando su salud, la de los servidores p\u00fablicos y de los justiciables.&nbsp;<\/p>\n\n\n\n<p>El magistrado presidente, H\u00e9ctor Maldonado Bonilla, resalt\u00f3 la validez de la sesi\u00f3n, &nbsp;con fundamento en el acuerdo 01\/2020, emitido por el pleno del TSJE y publicado en el Peri\u00f3dico Oficial del 2 de septiembre de 2020, &nbsp;el cual establece que podr\u00e1n celebrarse &nbsp;sesiones del pleno del TSJE y de las salas en modalidad a distancia, mediante el uso de herramientas tecnol\u00f3gicas que faciliten la telepresencia, sobre todo, ante una emergencia o caso de fuerza mayor que impida o haga inconveniente la presencia de los Magistrados y Magistradas en el edificio sede de Palacio de Justicia en la Ciudad de Tlaxcala o en Ciudad Judicial<\/p>\n","protected":false},"excerpt":{"rendered":"<p>En la sesi\u00f3n ordinaria de este martes, la magistrada Mary Cruz Cort\u00e9s Ornelas particip\u00f3 v\u00eda digital&nbsp; Fue, este martes 14 de septiembre, que en la Sala de Plenos de Ciudad Judicial, una vez declarada la apertura de la sesi\u00f3n ordinaria, el magistrado presidente del Tribunal Superior de Justicia y del Consejo de la Judicatura del [&hellip;]<\/p>\n","protected":false},"author":1,"featured_media":2011,"comment_status":"open","ping_status":"open","sticky":false,"template":"","format":"standard","meta":{"advanced_seo_description":"","jetpack_seo_html_title":"","jetpack_seo_noindex":false,"footnotes":"","jetpack_publicize_message":"","jetpack_is_tweetstorm":false,"jetpack_publicize_feature_enabled":true,"jetpack_social_post_already_shared":false,"jetpack_social_options":{"image_generator_settings":{"template":"highway","enabled":false}}},"categories":[5,3],"tags":[],"class_list":["post-2010","post","type-post","status-publish","format-standard","has-post-thumbnail","hentry","category-carrucel","category-gobierno"],"jetpack_publicize_connections":[],"jetpack_featured_media_url":"https:\/\/elcensornoticias.com\/wp-content\/uploads\/2021\/09\/WhatsApp-Image-2021-09-14-at-13.31.28.jpeg","jetpack_likes_enabled":true,"jetpack_sharing_enabled":true,"jetpack_shortlink":"https:\/\/wp.me\/p6xy50-wq","_links":{"self":[{"href":"https:\/\/elcensornoticias.com\/index.php?rest_route=\/wp\/v2\/posts\/2010","targetHints":{"allow":["GET"]}}],"collection":[{"href":"https:\/\/elcensornoticias.com\/index.php?rest_route=\/wp\/v2\/posts"}],"about":[{"href":"https:\/\/elcensornoticias.com\/index.php?rest_route=\/wp\/v2\/types\/post"}],"author":[{"embeddable":true,"href":"https:\/\/elcensornoticias.com\/index.php?rest_route=\/wp\/v2\/users\/1"}],"replies":[{"embeddable":true,"href":"https:\/\/elcensornoticias.com\/index.php?rest_route=%2Fwp%2Fv2%2Fcomments&post=2010"}],"version-history":[{"count":1,"href":"https:\/\/elcensornoticias.com\/index.php?rest_route=\/wp\/v2\/posts\/2010\/revisions"}],"predecessor-version":[{"id":2012,"href":"https:\/\/elcensornoticias.com\/index.php?rest_route=\/wp\/v2\/posts\/2010\/revisions\/2012"}],"wp:featuredmedia":[{"embeddable":true,"href":"https:\/\/elcensornoticias.com\/index.php?rest_route=\/wp\/v2\/media\/2011"}],"wp:attachment":[{"href":"https:\/\/elcensornoticias.com\/index.php?rest_route=%2Fwp%2Fv2%2Fmedia&parent=2010"}],"wp:term":[{"taxonomy":"category","embeddable":true,"href":"https:\/\/elcensornoticias.com\/index.php?rest_route=%2Fwp%2Fv2%2Fcategories&post=2010"},{"taxonomy":"post_tag","embeddable":true,"href":"https:\/\/elcensornoticias.com\/index.php?rest_route=%2Fwp%2Fv2%2Ftags&post=2010"}],"curies":[{"name":"wp","href":"https:\/\/api.w.org\/{rel}","templated":true}]}}