{"id":2007,"date":"2021-09-15T18:01:16","date_gmt":"2021-09-15T18:01:16","guid":{"rendered":"http:\/\/elcensornoticias.com\/?p=2007"},"modified":"2021-09-15T18:01:20","modified_gmt":"2021-09-15T18:01:20","slug":"registra-sesa-89-casos-positivos-de-covid-19-en-tlaxcala","status":"publish","type":"post","link":"https:\/\/elcensornoticias.com\/?p=2007","title":{"rendered":"REGISTRA SESA 89 CASOS POSITIVOS DE COVID-19 EN TLAXCALA"},"content":{"rendered":"\n<p><em>Se exhorta a la poblaci\u00f3n mantener las medidas sanitarias, en caso de detectar s\u00edntomas del virus, favor de comunicarse de manera inmediata al 911. \u201cSi te cuidas t\u00fa, nos cuidamos todos\u201d&nbsp;&nbsp;&nbsp;<\/em><\/p>\n\n\n\n<p>La salud es un eje prioritario para el gobierno de Tlaxcala, y ante los contagios del virus SARS-CoV-2, la Secretar\u00eda de Salud (SESA) exhorta a la poblaci\u00f3n a seguir las medidas sanitarias necesarias, como el uso de cubrebocas, lavado constante de manos y mantener la sana distancia, en caso de detectar s\u00edntomas del virus, comunicarse de manera inmediata al 911. \u201cSi te cuidas t\u00fa, nos cuidamos todos\u201d.&nbsp;&nbsp;&nbsp;<\/p>\n\n\n\n<p>La SESA confirm\u00f3 89 casos positivos y tres defunciones el 14 de septiembre de 2021.\u00a0\u00a0\u00a0\u00a0\u00a0\u00a0<\/p>\n\n\n\n<p>Hasta esta fecha, se han acumulado 24 mil 466 casos positivos, 56 mil 162 negativos, 16 mil 848 recuperados, dos mil 659 defunciones y cuatro mil 198 casos sospechosos.&nbsp;&nbsp;&nbsp;&nbsp;&nbsp;&nbsp;<\/p>\n\n\n\n<p>De los 24 mil 466 casos positivos, dos mil 297 se han registrado en el Instituto de Seguridad y Servicios Sociales de los Trabajadores del Estado (ISSSTE), mil 805 en otras instituciones, 11 mil 631 en el Instituto Mexicano del Seguro Social (IMSS) y ocho mil 733 en la SESA.&nbsp;&nbsp;&nbsp;&nbsp;<\/p>\n\n\n\n<p>Hasta este momento, el municipio de Tlaxcala registra cuatro mil 284 casos confirmados, Apizaco dos mil 877, Chiautempan mil 527, Huamantla mil 294, Zacatelco mil 209, Yauhquemehcan 854, San Pablo del Monte 837, Contla de Juan Cuamatzi 672, Papalotla de Xicoht\u00e9ncatl 646, Tetla de la Solidaridad 596, Ixtacuixtla 574, Calpulalpan 564, Teolocholco 547, Totolac 533, Tlaxco 534.&nbsp;&nbsp;&nbsp;&nbsp; &nbsp;&nbsp;&nbsp;&nbsp;<\/p>\n\n\n\n<p>Panotla 499, Apetatitl\u00e1n 442, Santa Cruz Tlaxcala 408, Xalostoc 405, Tzompantepec 376, Nativitas 301, Tepeyanco 296, Xicohtzinco 285, Tepetitla de Lardiz\u00e1bal 262, Amaxac de Guerrero 244, La Magdalena Tlaltelulco 231, Tenancingo 187, Xaltocan 175, Nanacamilpa 178, Tetlatlahuca 163.&nbsp;&nbsp;&nbsp;<\/p>\n\n\n\n<p>Santa Catarina Ayometla 155, San Francisco Tetlanohcan 141, Ixtenco 136, Terrenate 124, Hueyotlipan 121, Tocatl\u00e1n 122, Acuamanala 117, San Lorenzo Axocomanitla 110, Santa Ana Nopalucan 106, El Carmen Tequexquitla 105, Cuapiaxtla 101, Cuaxomulco 101, San Juan Huactzinco 99, San Jer\u00f3nimo Zacualpan 78, Atltzayanca 73.&nbsp;&nbsp;&nbsp;<\/p>\n\n\n\n<p>Santa Isabel Xiloxoxtla 72, Zitlaltepec 69, San Dami\u00e1n Texoloc 68, San Jos\u00e9 Teacalco 68, Atlangatepec 64, Santa Apolonia Teacalco 55, Sanct\u00f3rum 53, Mazatecochco 53, L\u00e1zaro C\u00e1rdenas 51, Mu\u00f1oz de Domingo Arenas 49, Santa Cruz Quil\u00e9htla 48, Espa\u00f1ita 47, San Lucas Tecopilco 35, Benito Ju\u00e1rez 28 y Emiliano Zapata 17, acumulado en lo que va de la pandemia desde 2020 a este 14 de septiembre de 2021.<\/p>\n","protected":false},"excerpt":{"rendered":"<p>Se exhorta a la poblaci\u00f3n mantener las medidas sanitarias, en caso de detectar s\u00edntomas del virus, favor de comunicarse de manera inmediata al 911. \u201cSi te cuidas t\u00fa, nos cuidamos todos\u201d&nbsp;&nbsp;&nbsp; La salud es un eje prioritario para el gobierno de Tlaxcala, y ante los contagios del virus SARS-CoV-2, la Secretar\u00eda de Salud (SESA) exhorta [&hellip;]<\/p>\n","protected":false},"author":1,"featured_media":2008,"comment_status":"open","ping_status":"open","sticky":false,"template":"","format":"standard","meta":{"advanced_seo_description":"","jetpack_seo_html_title":"","jetpack_seo_noindex":false,"footnotes":"","jetpack_publicize_message":"","jetpack_is_tweetstorm":false,"jetpack_publicize_feature_enabled":true,"jetpack_social_post_already_shared":false,"jetpack_social_options":{"image_generator_settings":{"template":"highway","enabled":false}}},"categories":[2,3],"tags":[],"class_list":["post-2007","post","type-post","status-publish","format-standard","has-post-thumbnail","hentry","category-destacadas","category-gobierno"],"jetpack_publicize_connections":[],"jetpack_featured_media_url":"https:\/\/elcensornoticias.com\/wp-content\/uploads\/2021\/09\/150921_SESA_COVID_19.jpeg","jetpack_likes_enabled":true,"jetpack_sharing_enabled":true,"jetpack_shortlink":"https:\/\/wp.me\/p6xy50-wn","_links":{"self":[{"href":"https:\/\/elcensornoticias.com\/index.php?rest_route=\/wp\/v2\/posts\/2007","targetHints":{"allow":["GET"]}}],"collection":[{"href":"https:\/\/elcensornoticias.com\/index.php?rest_route=\/wp\/v2\/posts"}],"about":[{"href":"https:\/\/elcensornoticias.com\/index.php?rest_route=\/wp\/v2\/types\/post"}],"author":[{"embeddable":true,"href":"https:\/\/elcensornoticias.com\/index.php?rest_route=\/wp\/v2\/users\/1"}],"replies":[{"embeddable":true,"href":"https:\/\/elcensornoticias.com\/index.php?rest_route=%2Fwp%2Fv2%2Fcomments&post=2007"}],"version-history":[{"count":1,"href":"https:\/\/elcensornoticias.com\/index.php?rest_route=\/wp\/v2\/posts\/2007\/revisions"}],"predecessor-version":[{"id":2009,"href":"https:\/\/elcensornoticias.com\/index.php?rest_route=\/wp\/v2\/posts\/2007\/revisions\/2009"}],"wp:featuredmedia":[{"embeddable":true,"href":"https:\/\/elcensornoticias.com\/index.php?rest_route=\/wp\/v2\/media\/2008"}],"wp:attachment":[{"href":"https:\/\/elcensornoticias.com\/index.php?rest_route=%2Fwp%2Fv2%2Fmedia&parent=2007"}],"wp:term":[{"taxonomy":"category","embeddable":true,"href":"https:\/\/elcensornoticias.com\/index.php?rest_route=%2Fwp%2Fv2%2Fcategories&post=2007"},{"taxonomy":"post_tag","embeddable":true,"href":"https:\/\/elcensornoticias.com\/index.php?rest_route=%2Fwp%2Fv2%2Ftags&post=2007"}],"curies":[{"name":"wp","href":"https:\/\/api.w.org\/{rel}","templated":true}]}}