{"id":2004,"date":"2021-09-15T17:50:04","date_gmt":"2021-09-15T17:50:04","guid":{"rendered":"http:\/\/elcensornoticias.com\/?p=2004"},"modified":"2021-09-15T17:50:08","modified_gmt":"2021-09-15T17:50:08","slug":"presidentes-de-comunidades-regidores-y-funcionarios-de-tlaxcala-se-suman-a-jornadas-de-embellecimiento-de-la-ciudad","status":"publish","type":"post","link":"https:\/\/elcensornoticias.com\/?p=2004","title":{"rendered":"Presidentes de comunidades, regidores y funcionarios de Tlaxcala se suman a jornadas de embellecimiento de la ciudad"},"content":{"rendered":"\n<p>Las once comunidades, las colonias y la zona urbana de Tlaxcala lucir\u00e1n mejor para disfrute del pueblo y los turistas.<\/p>\n\n\n\n<p><br>Desde temprana hora de este d\u00eda patrio, directores de diversas \u00e1reas del municipio de Tlaxcala junto con presidentes de comunidad y regidores se sumaron a las jornadas de embellecimiento que ha emprendido la autoridad local.<\/p>\n\n\n\n<p><br>A\u00f1adieron su esfuerzo al de 33 trabajadores de limpia y recolecci\u00f3n, as\u00ed como a 16 de parques y jardines,\u00a0 para realizar una ardua tarea en las inmediaciones de la remodelada Plaza de la Constituci\u00f3n del Centro Hist\u00f3rico.<\/p>\n\n\n\n<p><br>Katy Ver\u00f3nica Valenzuela D\u00edaz, Secretaria del Ayuntamiento de Tlaxcala, dijo que los trabajos se van a multiplicar bajo la instrucci\u00f3n del presidente municipal, Jorge Corichi, \u201cun hombre incansable que pone el ejemplo laborando desde las siete de la ma\u00f1ana y hasta entrada la madrugada del d\u00eda siguiente\u201d.<\/p>\n\n\n\n<p><br>Los asistentes, as\u00ed como Edgar Ra\u00fal Mercado Astorga, representante de la Secretar\u00eda de Desarrollo Territorial y Urbano (SEDATU) en Tlaxcala, sembraron plantas para significar el nuevo rostro que tendr\u00e1 la Ciudad de Tlaxcala.\u00a0<\/p>\n","protected":false},"excerpt":{"rendered":"<p>Las once comunidades, las colonias y la zona urbana de Tlaxcala lucir\u00e1n mejor para disfrute del pueblo y los turistas. Desde temprana hora de este d\u00eda patrio, directores de diversas \u00e1reas del municipio de Tlaxcala junto con presidentes de comunidad y regidores se sumaron a las jornadas de embellecimiento que ha emprendido la autoridad local. [&hellip;]<\/p>\n","protected":false},"author":1,"featured_media":2005,"comment_status":"open","ping_status":"open","sticky":false,"template":"","format":"standard","meta":{"advanced_seo_description":"","jetpack_seo_html_title":"","jetpack_seo_noindex":false,"footnotes":"","jetpack_publicize_message":"","jetpack_is_tweetstorm":false,"jetpack_publicize_feature_enabled":true,"jetpack_social_post_already_shared":false,"jetpack_social_options":{"image_generator_settings":{"template":"highway","enabled":false}}},"categories":[5,10],"tags":[],"class_list":["post-2004","post","type-post","status-publish","format-standard","has-post-thumbnail","hentry","category-carrucel","category-municipios"],"jetpack_publicize_connections":[],"jetpack_featured_media_url":"https:\/\/elcensornoticias.com\/wp-content\/uploads\/2021\/09\/IMG-20210915-WA0003.jpg","jetpack_likes_enabled":true,"jetpack_sharing_enabled":true,"jetpack_shortlink":"https:\/\/wp.me\/p6xy50-wk","_links":{"self":[{"href":"https:\/\/elcensornoticias.com\/index.php?rest_route=\/wp\/v2\/posts\/2004","targetHints":{"allow":["GET"]}}],"collection":[{"href":"https:\/\/elcensornoticias.com\/index.php?rest_route=\/wp\/v2\/posts"}],"about":[{"href":"https:\/\/elcensornoticias.com\/index.php?rest_route=\/wp\/v2\/types\/post"}],"author":[{"embeddable":true,"href":"https:\/\/elcensornoticias.com\/index.php?rest_route=\/wp\/v2\/users\/1"}],"replies":[{"embeddable":true,"href":"https:\/\/elcensornoticias.com\/index.php?rest_route=%2Fwp%2Fv2%2Fcomments&post=2004"}],"version-history":[{"count":1,"href":"https:\/\/elcensornoticias.com\/index.php?rest_route=\/wp\/v2\/posts\/2004\/revisions"}],"predecessor-version":[{"id":2006,"href":"https:\/\/elcensornoticias.com\/index.php?rest_route=\/wp\/v2\/posts\/2004\/revisions\/2006"}],"wp:featuredmedia":[{"embeddable":true,"href":"https:\/\/elcensornoticias.com\/index.php?rest_route=\/wp\/v2\/media\/2005"}],"wp:attachment":[{"href":"https:\/\/elcensornoticias.com\/index.php?rest_route=%2Fwp%2Fv2%2Fmedia&parent=2004"}],"wp:term":[{"taxonomy":"category","embeddable":true,"href":"https:\/\/elcensornoticias.com\/index.php?rest_route=%2Fwp%2Fv2%2Fcategories&post=2004"},{"taxonomy":"post_tag","embeddable":true,"href":"https:\/\/elcensornoticias.com\/index.php?rest_route=%2Fwp%2Fv2%2Ftags&post=2004"}],"curies":[{"name":"wp","href":"https:\/\/api.w.org\/{rel}","templated":true}]}}