{"id":1994,"date":"2021-09-14T23:31:10","date_gmt":"2021-09-14T23:31:10","guid":{"rendered":"http:\/\/elcensornoticias.com\/?p=1994"},"modified":"2021-09-14T23:31:13","modified_gmt":"2021-09-14T23:31:13","slug":"vigilaremos-actuar-desempeno-y-resultados-de-la-nueva-procuradora-general-de-justicia-cambron","status":"publish","type":"post","link":"https:\/\/elcensornoticias.com\/?p=1994","title":{"rendered":"Vigilaremos actuar, desempe\u00f1o y resultados de la nueva Procuradora General de Justicia: Cambr\u00f3n"},"content":{"rendered":"\n<p>Tras la toma de protesta de la ciudadana Ernestina Carro Rold\u00e1n como Procuradora General de Justicia del Estado de Tlaxcala, ante el pleno del&nbsp; Congreso Local, el Coordinador del Grupo Parlamentario del PRD, Juan Manuel Cambr\u00f3n Soria lament\u00f3 profundamente lo que consider\u00f3 un \u201cdesaseo\u201d y descuido en lo que fue la propuesta y designaci\u00f3n de la terna presentada a la Legislatura local y advirti\u00f3 que fue un \u201cflaco favor\u201d el que le hicieron a quien tom\u00f3 la titularidad, pues su examen por oposici\u00f3n estuvo acompa\u00f1ada de personas con bajo perfil escasa capacidad profesional, lo que se\u00f1al\u00f3 no ayuda al fortalecimiento de la PGJ.<\/p>\n\n\n\n<p><br>\u201cEl GPPRD tendr\u00e1 la atenci\u00f3n en el actuar y los resultados de la reci\u00e9n nombrada Procuradora General de Justicia del Estado de Tlaxcala, Ernestina Carro Rold\u00e1n, a quien la exhortamos para que responda de forma responsable y por dem\u00e1s comprometida al cargo que se le ha encomendado\u201d. \u201cLos pendientes y las tareas son m\u00e1s grandes y elevadas que el simple nombramiento\u201d. Reitero Cambr\u00f3n Soria, al tiempo de se\u00f1alar que la responsabilidad de la nueva funcionaria est\u00e1 en dar los resultados que Tlaxcala y sus ciudadanos&nbsp; necesitan.<\/p>\n\n\n\n<p><br>El diputado del Sol Azteca, durante su posicionamiento frente al pleno, destac\u00f3 que el nombramiento otorgado a Carro Rold\u00e1n, es de una muy alta envergadura y de enorme responsabilidad, porque las procuradur\u00edas, son las representaciones sociales de los ciudadanos, que deben apegarse y actuar, al menos deontol\u00f3gicamente, bajo los principios generales del derecho, en la defensa de los Derechos Humanos, en la constitucionalidad, en el profesionalismo y la eficiencia institucional.<\/p>\n","protected":false},"excerpt":{"rendered":"<p>Tras la toma de protesta de la ciudadana Ernestina Carro Rold\u00e1n como Procuradora General de Justicia del Estado de Tlaxcala, ante el pleno del&nbsp; Congreso Local, el Coordinador del Grupo Parlamentario del PRD, Juan Manuel Cambr\u00f3n Soria lament\u00f3 profundamente lo que consider\u00f3 un \u201cdesaseo\u201d y descuido en lo que fue la propuesta y designaci\u00f3n de [&hellip;]<\/p>\n","protected":false},"author":1,"featured_media":1995,"comment_status":"open","ping_status":"open","sticky":false,"template":"","format":"standard","meta":{"advanced_seo_description":"","jetpack_seo_html_title":"","jetpack_seo_noindex":false,"footnotes":"","jetpack_publicize_message":"","jetpack_is_tweetstorm":false,"jetpack_publicize_feature_enabled":true,"jetpack_social_post_already_shared":false,"jetpack_social_options":{"image_generator_settings":{"template":"highway","enabled":false}}},"categories":[27,2],"tags":[],"class_list":["post-1994","post","type-post","status-publish","format-standard","has-post-thumbnail","hentry","category-congreso","category-destacadas"],"jetpack_publicize_connections":[],"jetpack_featured_media_url":"https:\/\/elcensornoticias.com\/wp-content\/uploads\/2021\/09\/NUEVA-PROCURADORA-DEBE-DAR-RESULTADOS-foto-1.jpg","jetpack_likes_enabled":true,"jetpack_sharing_enabled":true,"jetpack_shortlink":"https:\/\/wp.me\/p6xy50-wa","_links":{"self":[{"href":"https:\/\/elcensornoticias.com\/index.php?rest_route=\/wp\/v2\/posts\/1994","targetHints":{"allow":["GET"]}}],"collection":[{"href":"https:\/\/elcensornoticias.com\/index.php?rest_route=\/wp\/v2\/posts"}],"about":[{"href":"https:\/\/elcensornoticias.com\/index.php?rest_route=\/wp\/v2\/types\/post"}],"author":[{"embeddable":true,"href":"https:\/\/elcensornoticias.com\/index.php?rest_route=\/wp\/v2\/users\/1"}],"replies":[{"embeddable":true,"href":"https:\/\/elcensornoticias.com\/index.php?rest_route=%2Fwp%2Fv2%2Fcomments&post=1994"}],"version-history":[{"count":1,"href":"https:\/\/elcensornoticias.com\/index.php?rest_route=\/wp\/v2\/posts\/1994\/revisions"}],"predecessor-version":[{"id":1996,"href":"https:\/\/elcensornoticias.com\/index.php?rest_route=\/wp\/v2\/posts\/1994\/revisions\/1996"}],"wp:featuredmedia":[{"embeddable":true,"href":"https:\/\/elcensornoticias.com\/index.php?rest_route=\/wp\/v2\/media\/1995"}],"wp:attachment":[{"href":"https:\/\/elcensornoticias.com\/index.php?rest_route=%2Fwp%2Fv2%2Fmedia&parent=1994"}],"wp:term":[{"taxonomy":"category","embeddable":true,"href":"https:\/\/elcensornoticias.com\/index.php?rest_route=%2Fwp%2Fv2%2Fcategories&post=1994"},{"taxonomy":"post_tag","embeddable":true,"href":"https:\/\/elcensornoticias.com\/index.php?rest_route=%2Fwp%2Fv2%2Ftags&post=1994"}],"curies":[{"name":"wp","href":"https:\/\/api.w.org\/{rel}","templated":true}]}}