{"id":1991,"date":"2021-09-14T22:32:28","date_gmt":"2021-09-14T22:32:28","guid":{"rendered":"http:\/\/elcensornoticias.com\/?p=1991"},"modified":"2021-09-14T22:32:32","modified_gmt":"2021-09-14T22:32:32","slug":"feria-artesanal-tapame-con-tu-rebozo","status":"publish","type":"post","link":"https:\/\/elcensornoticias.com\/?p=1991","title":{"rendered":"Feria artesanal \u201cT\u00e1pame con tu rebozo\u201d"},"content":{"rendered":"\n<ul class=\"wp-block-list\"><li><strong>Participan artesanas y artesanos del textil de Chiapas, Estado de M\u00e9xico, Guerrero, Hidalgo, Michoac\u00e1n, Oaxaca, Puebla, San Luis Potos\u00ed, Tlaxcala y Veracruz&nbsp;<\/strong><\/li><li><strong>En esta expoventa, las y los maestros de la urdimbre y la trama mostrar\u00e1n diversas t\u00e9cnicas empleadas durante siglos en prendas tradicionales y de origen prehisp\u00e1nico&nbsp;<\/strong><\/li><li><strong>El evento tendr\u00e1 lugar del 30 de septiembre al 3 de octubre en los patios del recinto muse\u00edstico ubicado en el coraz\u00f3n de Coyoac\u00e1n&nbsp;<\/strong><\/li><\/ul>\n\n\n\n<p>Del 30 de septiembre al 3 de octubre, el p\u00fablico podr\u00e1 disfrutar de la edici\u00f3n n\u00famero 12 de \u201cT\u00e1pame con tu rebozo. Feria artesanal de rebozos y textiles de M\u00e9xico\u201d, organizada por la Secretar\u00eda de Cultura del Gobierno de M\u00e9xico, a trav\u00e9s de la Direcci\u00f3n General de Culturas Populares, Ind\u00edgenas y Urbanas (DGCPIU) y su Museo Nacional de Culturas Populares. &nbsp;<\/p>\n\n\n\n<p>Tejedoras y tejedores de comunidades con una larga tradici\u00f3n textil en Chiapas, Estado de M\u00e9xico, Guerrero, Hidalgo, Michoac\u00e1n, Oaxaca, Puebla, San Luis Potos\u00ed, Tlaxcala y Veracruz exhibir\u00e1n y pondr\u00e1n a la venta prendas en las que se entretejen parte de su identidad. &nbsp;<\/p>\n\n\n\n<p>Estas creaciones forman parte de la historia artesanal, que tiene su origen desde la \u00e9poca prehisp\u00e1nica, pasando por la novohispana, el periodo industrial y hasta nuestros d\u00edas, con prendas elaboradas en el milenario telar de cintura, el telar colonial o las m\u00e1quinas llamadas \u201cde poder\u201d, entre otros soportes; todo ello da cuenta de la diversidad de t\u00e9cnicas, estilos, materiales, colores e imaginaci\u00f3n de las manos mexicanas y sus hilos que danzan.&nbsp;<\/p>\n\n\n\n<p>Sobre la labor de las y los artesanos de la urdimbre y la trama, la secretaria de Cultura del Gobierno de M\u00e9xico, Alejandra Frausto Guerrero, ha expresado que \u201cel reconocimiento y la dignificaci\u00f3n del arte tradicional son eje de nuestras acciones. Las y los artistas tradicionales son portadores y transmisores de su cultura, por ello cada uno de sus dise\u00f1os tiene un significado profundo, el cual reconocemos\u201d.&nbsp;<\/p>\n\n\n\n<p>Al invitar a visitar esta expoventa, la encargada de la pol\u00edtica cultural del pa\u00eds pidi\u00f3 a las y los asistentes: \u201cque se acerquen con un principio: el respeto. Nunca regateen a las y los artesanos, ellas y ellos saben el tiempo que han tomado para elaborar su pieza, es un conocimiento que viene por generaciones\u201d.&nbsp;<\/p>\n\n\n\n<p>\u201cT\u00e1pame con tu rebozo\u201d tiene el objetivo de recuperar y fomentar el uso de esta prenda emblem\u00e1tica, as\u00ed como resaltar el valor del trabajo de las comunidades tejedoras y artesanas de nuestro pa\u00eds. &nbsp;<\/p>\n\n\n\n<p>Este a\u00f1o, la feria se enmarca en las conmemoraciones por los 200 a\u00f1os de la Consumaci\u00f3n de la Independencia de M\u00e9xico y los 500 a\u00f1os de Resistencia Ind\u00edgena; adem\u00e1s, forma parte de las actividades por el 39 aniversario del Museo Nacional de Culturas Populares, espacio que desde su fundaci\u00f3n ha abierto sus puertas a las y los creadores populares y ha promovido la riqueza art\u00edstica, cultural y artesanal de las identidades de nuestra geograf\u00eda.&nbsp;<\/p>\n\n\n\n<p>Asimismo, esta feria forma parte de la campa\u00f1a #VolverAVerte, de la Secretar\u00eda de Cultura, que promueve la reapertura de espacios culturales seguros para las y los asistentes, con la aplicaci\u00f3n de todos los protocolos para el cuidado de la salud. Es por ello que en esta fiesta textil se contar\u00e1 \u00fanicamente con la participaci\u00f3n de 25 grupos conformados por 31 mujeres y hombres artesanos pertenecientes a comunidades ind\u00edgenas, rurales y urbanas, poseedoras de manifestaciones culturales propias: cosmovisi\u00f3n, tradiciones, costumbre, indumentaria, lengua y otros rasgos que las caracterizan.&nbsp;<\/p>\n\n\n\n<p>Las y los visitantes podr\u00e1n entablar un di\u00e1logo directo con las y los creadores de estas prendas, conocer el proceso creativo, t\u00e9cnico y el esfuerzo empleado para su elaboraci\u00f3n, as\u00ed como su historia y valor cultural. Podr\u00e1n adquirir, a precios justos, rebozos y una variedad de prendas tradicionales hechas por las y los creadores ind\u00edgenas tsotsiles, amuzgos, nahuas, pur\u00e9pechas, mixes, chinantecos, zapotecos, otom\u00edes, mazatecos y tambi\u00e9n mestizos, procedentes de 10 entidades del pa\u00eds.&nbsp;<\/p>\n\n\n\n<p>La feria artesanal de rebozos y textiles de M\u00e9xico \u201cT\u00e1pame con tu rebozo\u201d se llevar\u00e1 a cabo del 30 de septiembre al 3 de octubre, jueves de 11:00 a 18:00 horas y de viernes a domingo hasta las 19:00 horas, en los patios del Museo Nacional de Culturas Populares, ubicado en Av. Hidalgo 289, Col. Del Carmen, Coyoac\u00e1n, Ciudad de M\u00e9xico. El recinto cuenta con filtro sanitario en la entrada principal. Al ingresar se aplicar\u00e1 gel antibacterial y se revisar\u00e1 la temperatura, el uso del cubrebocas es obligatorio en todo momento, as\u00ed como el respeto a la sana distancia; el cronograma de actividades est\u00e1 sujeto a los sem\u00e1foros epidemiol\u00f3gicos.&nbsp;<\/p>\n","protected":false},"excerpt":{"rendered":"<p>Participan artesanas y artesanos del textil de Chiapas, Estado de M\u00e9xico, Guerrero, Hidalgo, Michoac\u00e1n, Oaxaca, Puebla, San Luis Potos\u00ed, Tlaxcala y Veracruz&nbsp; En esta expoventa, las y los maestros de la urdimbre y la trama mostrar\u00e1n diversas t\u00e9cnicas empleadas durante siglos en prendas tradicionales y de origen prehisp\u00e1nico&nbsp; El evento tendr\u00e1 lugar del 30 de [&hellip;]<\/p>\n","protected":false},"author":1,"featured_media":1992,"comment_status":"open","ping_status":"open","sticky":false,"template":"","format":"standard","meta":{"advanced_seo_description":"","jetpack_seo_html_title":"","jetpack_seo_noindex":false,"footnotes":"","jetpack_publicize_message":"","jetpack_is_tweetstorm":false,"jetpack_publicize_feature_enabled":true,"jetpack_social_post_already_shared":false,"jetpack_social_options":{"image_generator_settings":{"template":"highway","enabled":false}}},"categories":[26,4],"tags":[],"class_list":["post-1991","post","type-post","status-publish","format-standard","has-post-thumbnail","hentry","category-cultura","category-noticias"],"jetpack_publicize_connections":[],"jetpack_featured_media_url":"https:\/\/elcensornoticias.com\/wp-content\/uploads\/2021\/09\/FERIA-REBOZO_INVITACION_2021_FINAL_SEPT.jpg","jetpack_likes_enabled":true,"jetpack_sharing_enabled":true,"jetpack_shortlink":"https:\/\/wp.me\/p6xy50-w7","_links":{"self":[{"href":"https:\/\/elcensornoticias.com\/index.php?rest_route=\/wp\/v2\/posts\/1991","targetHints":{"allow":["GET"]}}],"collection":[{"href":"https:\/\/elcensornoticias.com\/index.php?rest_route=\/wp\/v2\/posts"}],"about":[{"href":"https:\/\/elcensornoticias.com\/index.php?rest_route=\/wp\/v2\/types\/post"}],"author":[{"embeddable":true,"href":"https:\/\/elcensornoticias.com\/index.php?rest_route=\/wp\/v2\/users\/1"}],"replies":[{"embeddable":true,"href":"https:\/\/elcensornoticias.com\/index.php?rest_route=%2Fwp%2Fv2%2Fcomments&post=1991"}],"version-history":[{"count":1,"href":"https:\/\/elcensornoticias.com\/index.php?rest_route=\/wp\/v2\/posts\/1991\/revisions"}],"predecessor-version":[{"id":1993,"href":"https:\/\/elcensornoticias.com\/index.php?rest_route=\/wp\/v2\/posts\/1991\/revisions\/1993"}],"wp:featuredmedia":[{"embeddable":true,"href":"https:\/\/elcensornoticias.com\/index.php?rest_route=\/wp\/v2\/media\/1992"}],"wp:attachment":[{"href":"https:\/\/elcensornoticias.com\/index.php?rest_route=%2Fwp%2Fv2%2Fmedia&parent=1991"}],"wp:term":[{"taxonomy":"category","embeddable":true,"href":"https:\/\/elcensornoticias.com\/index.php?rest_route=%2Fwp%2Fv2%2Fcategories&post=1991"},{"taxonomy":"post_tag","embeddable":true,"href":"https:\/\/elcensornoticias.com\/index.php?rest_route=%2Fwp%2Fv2%2Ftags&post=1991"}],"curies":[{"name":"wp","href":"https:\/\/api.w.org\/{rel}","templated":true}]}}