{"id":1988,"date":"2021-09-14T22:27:40","date_gmt":"2021-09-14T22:27:40","guid":{"rendered":"http:\/\/elcensornoticias.com\/?p=1988"},"modified":"2021-09-14T22:27:44","modified_gmt":"2021-09-14T22:27:44","slug":"pide-lorena-cuellar-extremar-precauciones-y-cumplir-recomendaciones-de-salud-en-fiestas-patrias","status":"publish","type":"post","link":"https:\/\/elcensornoticias.com\/?p=1988","title":{"rendered":"PIDE LORENA CU\u00c9LLAR EXTREMAR PRECAUCIONES Y CUMPLIR RECOMENDACIONES DE SALUD EN FIESTAS PATRIAS"},"content":{"rendered":"\n<p><em>La feria de Tlaxcala \u00fanicamente se celebrar\u00e1 si existen las condiciones sanitarias.<\/em><\/p>\n\n\n\n<p>La gobernadora del Estado, Lorena Cu\u00e9llar Cisneros exhort\u00f3 a la poblaci\u00f3n y gobiernos municipales a reforzar lineamientos de cuidado a la salud por la pandemia de Covid-19, debido a que recibi\u00f3 la entidad con una tendencia en aumento de contagios, por lo que pidi\u00f3 a la ciudadan\u00eda quedarse en casa y cuidar a su familia, sobre todo durante los festejos de fiestas patrias.<\/p>\n\n\n\n<p>En un mensaje publicado a trav\u00e9s de sus redes sociales, la titular del Ejecutivo local inform\u00f3 que derivado de la situaci\u00f3n que prevalece en Tlaxcala por la pandemia, puso en marcha acciones en materia de salud para disminuir los efectos de la contingencia sanitaria, por lo que se implementaron en los primeros d\u00edas de su gobierno seis kioscos de canje, recarga y pr\u00e9stamo de tanques de ox\u00edgeno medicinal gratuito en diferentes municipios.<\/p>\n\n\n\n<p>Adem\u00e1s, se invirtieron m\u00e1s de 26 millones de pesos para el abastecimiento de medicamentos en hospitales, y en breve se instalar\u00e1n unidades m\u00f3viles de pruebas Covid y m\u00e9dico en tu casa para personas que se encuentran en estado de postraci\u00f3n, acciones que contribuir\u00e1n en el cuidado de la salud de las y los tlaxcaltecas.<\/p>\n\n\n\n<p>\u00abTe pido que, en estas fechas patrias que sabemos son parte de nuestro orgullo e identidad como mexicanos, te quedes en casa y cuides a tu familia\u00bb, mencion\u00f3.<\/p>\n\n\n\n<p>Cu\u00e9llar Cisneros puntualiz\u00f3 que para este 15 de septiembre la ceremonia del Grito de Independencia ser\u00e1 grabada previamente y transmitida por televisi\u00f3n y radiodifusoras del estado, as\u00ed como plataformas digitales sin presencia p\u00fablica.<\/p>\n\n\n\n<p>Se\u00f1al\u00f3 que por el momento no se celebrar\u00e1n, ni autorizar\u00e1n eventos masivos, de ah\u00ed que la feria de Tlaxcala se efectuar\u00e1 siempre y cuando las condiciones del sem\u00e1foro epidemiol\u00f3gico lo permitan, de lo contrario ser\u00e1 cancelada.<\/p>\n\n\n\n<p>\u00abConvoco a los gobiernos municipales para que apliquen de manera en\u00e9rgica las restricciones que fueron publicadas en el decreto emitido el pasado 9 de septiembre por el gobierno del estado, s\u00f3lo as\u00ed evitaremos que la pandemia se lleve a las personas que m\u00e1s amamos\u00bb, concluy\u00f3.<\/p>\n","protected":false},"excerpt":{"rendered":"<p>La feria de Tlaxcala \u00fanicamente se celebrar\u00e1 si existen las condiciones sanitarias. La gobernadora del Estado, Lorena Cu\u00e9llar Cisneros exhort\u00f3 a la poblaci\u00f3n y gobiernos municipales a reforzar lineamientos de cuidado a la salud por la pandemia de Covid-19, debido a que recibi\u00f3 la entidad con una tendencia en aumento de contagios, por lo que [&hellip;]<\/p>\n","protected":false},"author":1,"featured_media":1989,"comment_status":"open","ping_status":"open","sticky":false,"template":"","format":"standard","meta":{"advanced_seo_description":"","jetpack_seo_html_title":"","jetpack_seo_noindex":false,"footnotes":"","jetpack_publicize_message":"","jetpack_is_tweetstorm":false,"jetpack_publicize_feature_enabled":true,"jetpack_social_post_already_shared":false,"jetpack_social_options":{"image_generator_settings":{"template":"highway","enabled":false}}},"categories":[5,3],"tags":[],"class_list":["post-1988","post","type-post","status-publish","format-standard","has-post-thumbnail","hentry","category-carrucel","category-gobierno"],"jetpack_publicize_connections":[],"jetpack_featured_media_url":"https:\/\/elcensornoticias.com\/wp-content\/uploads\/2021\/09\/140921_LCC-FIESTAS-PATRIAS.jpeg","jetpack_likes_enabled":true,"jetpack_sharing_enabled":true,"jetpack_shortlink":"https:\/\/wp.me\/p6xy50-w4","_links":{"self":[{"href":"https:\/\/elcensornoticias.com\/index.php?rest_route=\/wp\/v2\/posts\/1988","targetHints":{"allow":["GET"]}}],"collection":[{"href":"https:\/\/elcensornoticias.com\/index.php?rest_route=\/wp\/v2\/posts"}],"about":[{"href":"https:\/\/elcensornoticias.com\/index.php?rest_route=\/wp\/v2\/types\/post"}],"author":[{"embeddable":true,"href":"https:\/\/elcensornoticias.com\/index.php?rest_route=\/wp\/v2\/users\/1"}],"replies":[{"embeddable":true,"href":"https:\/\/elcensornoticias.com\/index.php?rest_route=%2Fwp%2Fv2%2Fcomments&post=1988"}],"version-history":[{"count":1,"href":"https:\/\/elcensornoticias.com\/index.php?rest_route=\/wp\/v2\/posts\/1988\/revisions"}],"predecessor-version":[{"id":1990,"href":"https:\/\/elcensornoticias.com\/index.php?rest_route=\/wp\/v2\/posts\/1988\/revisions\/1990"}],"wp:featuredmedia":[{"embeddable":true,"href":"https:\/\/elcensornoticias.com\/index.php?rest_route=\/wp\/v2\/media\/1989"}],"wp:attachment":[{"href":"https:\/\/elcensornoticias.com\/index.php?rest_route=%2Fwp%2Fv2%2Fmedia&parent=1988"}],"wp:term":[{"taxonomy":"category","embeddable":true,"href":"https:\/\/elcensornoticias.com\/index.php?rest_route=%2Fwp%2Fv2%2Fcategories&post=1988"},{"taxonomy":"post_tag","embeddable":true,"href":"https:\/\/elcensornoticias.com\/index.php?rest_route=%2Fwp%2Fv2%2Ftags&post=1988"}],"curies":[{"name":"wp","href":"https:\/\/api.w.org\/{rel}","templated":true}]}}