{"id":1980,"date":"2021-09-14T22:17:25","date_gmt":"2021-09-14T22:17:25","guid":{"rendered":"http:\/\/elcensornoticias.com\/?p=1980"},"modified":"2021-09-14T22:17:29","modified_gmt":"2021-09-14T22:17:29","slug":"con-clase-de-zumba-fomenta-ayuntamiento-de-tlaxcala-la-activacion-fisica","status":"publish","type":"post","link":"https:\/\/elcensornoticias.com\/?p=1980","title":{"rendered":"Con clase de zumba, fomenta Ayuntamiento de Tlaxcala la activaci\u00f3n f\u00edsica"},"content":{"rendered":"\n<p>Los trabajadores participaron a primera hora del d\u00eda en una rutina orientada al desarrollo de su actividad deportiva y acondicionamiento f\u00edsico.<\/p>\n\n\n\n<p><br>Con la finalidad de incentivar el deporte y una cultura de la activaci\u00f3n f\u00edsica y buenos h\u00e1bitos para una vida saludable entre los trabajadores del municipio, el Ayuntamiento de Tlaxcala, a trav\u00e9s del \u00e1rea de deporte, comenz\u00f3 con la realizaci\u00f3n de rutinas sencillas de ejercicio al comienzo de la jornada laboral.<\/p>\n\n\n\n<p>Con estas acciones, el Gobierno Municipal busca combatir la vida sedentaria que provoca padecimientos como el sobrepeso y obesidad; y a su vez es causa de enfermedades cr\u00f3nico degenerativas y as\u00ed promover un estilo de vida saludable entre la plantilla laboral del municipio.<\/p>\n\n\n\n<p>A trav\u00e9s de una sencilla rutina de zumba, las y los trabajadores del ayuntamiento comenzaron con este ejercicio rutinario que se implementar\u00e1 dos veces por semana y que adem\u00e1s de br\u00edndales beneficios a la salud, tambi\u00e9n contribuye a la convivencia sana y armoniosa entre compa\u00f1eros de las diversas \u00e1reas, que se traduce en un mejor \u00e1nimo para proporcionar a la ciudadan\u00eda un servicio amable y de calidad.\u00a0Los trabajadores participaron entusiasmados en esta actividad y reconocieron que es una excelente alternativa para liberar estr\u00e9s y comenzar el d\u00eda con energ\u00eda para desarrollar de forma \u00f3ptima sus labores cotidianas.<\/p>\n\n\n\n<p>La activaci\u00f3n f\u00edsica dentro de las instalaciones del Ayuntamiento de Tlaxcala estuvo a cargo del responsable del \u00c1rea de Deporte, Gustavo Paredes Pineda y se realizar\u00e1n con periodicidad, siguiendo los consejos y recomendaciones de especialistas en salud y acondicionamiento f\u00edsico.<br><\/p>\n","protected":false},"excerpt":{"rendered":"<p>Los trabajadores participaron a primera hora del d\u00eda en una rutina orientada al desarrollo de su actividad deportiva y acondicionamiento f\u00edsico. Con la finalidad de incentivar el deporte y una cultura de la activaci\u00f3n f\u00edsica y buenos h\u00e1bitos para una vida saludable entre los trabajadores del municipio, el Ayuntamiento de Tlaxcala, a trav\u00e9s del \u00e1rea [&hellip;]<\/p>\n","protected":false},"author":1,"featured_media":1981,"comment_status":"open","ping_status":"open","sticky":false,"template":"","format":"standard","meta":{"advanced_seo_description":"","jetpack_seo_html_title":"","jetpack_seo_noindex":false,"footnotes":"","jetpack_publicize_message":"","jetpack_is_tweetstorm":false,"jetpack_publicize_feature_enabled":true,"jetpack_social_post_already_shared":false,"jetpack_social_options":{"image_generator_settings":{"template":"highway","enabled":false}}},"categories":[2,10],"tags":[],"class_list":["post-1980","post","type-post","status-publish","format-standard","has-post-thumbnail","hentry","category-destacadas","category-municipios"],"jetpack_publicize_connections":[],"jetpack_featured_media_url":"https:\/\/elcensornoticias.com\/wp-content\/uploads\/2021\/09\/IMG-20210914-WA0026.jpg","jetpack_likes_enabled":true,"jetpack_sharing_enabled":true,"jetpack_shortlink":"https:\/\/wp.me\/p6xy50-vW","_links":{"self":[{"href":"https:\/\/elcensornoticias.com\/index.php?rest_route=\/wp\/v2\/posts\/1980","targetHints":{"allow":["GET"]}}],"collection":[{"href":"https:\/\/elcensornoticias.com\/index.php?rest_route=\/wp\/v2\/posts"}],"about":[{"href":"https:\/\/elcensornoticias.com\/index.php?rest_route=\/wp\/v2\/types\/post"}],"author":[{"embeddable":true,"href":"https:\/\/elcensornoticias.com\/index.php?rest_route=\/wp\/v2\/users\/1"}],"replies":[{"embeddable":true,"href":"https:\/\/elcensornoticias.com\/index.php?rest_route=%2Fwp%2Fv2%2Fcomments&post=1980"}],"version-history":[{"count":1,"href":"https:\/\/elcensornoticias.com\/index.php?rest_route=\/wp\/v2\/posts\/1980\/revisions"}],"predecessor-version":[{"id":1982,"href":"https:\/\/elcensornoticias.com\/index.php?rest_route=\/wp\/v2\/posts\/1980\/revisions\/1982"}],"wp:featuredmedia":[{"embeddable":true,"href":"https:\/\/elcensornoticias.com\/index.php?rest_route=\/wp\/v2\/media\/1981"}],"wp:attachment":[{"href":"https:\/\/elcensornoticias.com\/index.php?rest_route=%2Fwp%2Fv2%2Fmedia&parent=1980"}],"wp:term":[{"taxonomy":"category","embeddable":true,"href":"https:\/\/elcensornoticias.com\/index.php?rest_route=%2Fwp%2Fv2%2Fcategories&post=1980"},{"taxonomy":"post_tag","embeddable":true,"href":"https:\/\/elcensornoticias.com\/index.php?rest_route=%2Fwp%2Fv2%2Ftags&post=1980"}],"curies":[{"name":"wp","href":"https:\/\/api.w.org\/{rel}","templated":true}]}}