{"id":1977,"date":"2021-09-14T22:14:59","date_gmt":"2021-09-14T22:14:59","guid":{"rendered":"http:\/\/elcensornoticias.com\/?p=1977"},"modified":"2021-09-14T22:15:03","modified_gmt":"2021-09-14T22:15:03","slug":"la-chavez-abrira-el-telon-del-24-festival-internacional-de-piano-en-blanco-y-negro","status":"publish","type":"post","link":"https:\/\/elcensornoticias.com\/?p=1977","title":{"rendered":"La Ch\u00e1vez abrir\u00e1 el tel\u00f3n del 24\u00b0 Festival Internacional de Piano en Blanco y Negro"},"content":{"rendered":"\n<ul class=\"wp-block-list\"><li><strong>La cita es el domingo 18 de septiembre, a las 19:00 horas, en el Auditorio Blas Galindo del Centro Nacional de las Artes. Los boletos se encuentran a la venta en taquillas de recinto<\/strong><strong><\/strong><\/li><li><strong>El viernes 17, a las 11:00 horas, se llevar\u00e1 a cabo la \u201cConversaci\u00f3n en Blanco y negro\u201d, con la directora, Farizat Tchibirova, e integrantes del Ensamble<\/strong><strong><\/strong><\/li><\/ul>\n\n\n\n<p>Despu\u00e9s de m\u00e1s de un a\u00f1o de realizar presentaciones a distancia, a trav\u00e9s de videos y recitales en l\u00ednea, el Ensamble de pianos de la Orquesta Escuela Carlos Ch\u00e1vez (OECCh) regresa al modo presencial para iniciar las actividades del 24\u00b0 Festival Internacional de Piano en Blanco y Negro, el pr\u00f3ximo 18 de septiembre, a las 19:00 horas, en el Auditorio Blas Galindo del Centro Nacional de las Artes (Cenart), siguiendo las medidas para el cuidado de la salud.<\/p>\n\n\n\n<p>Dirigidos por la pianista ruso-mexicana Farizat Tchibirova \u2212Doctorada en la especialidad por el Conservatorio de M\u00fasica de Mosc\u00fa\u2212 las y los noveles pianistas Arturo Sandoval, Daninisa Contreras, Paulina Calixto y \u00c1ngel Gabriel L\u00f3pez interpretar\u00e1n un programa integrado con obras de Wolfgang Amadeus Mozart, Franz Liszt,&nbsp;Sergei Rachmaninoff, Anton\u00edn Dvo\u0159\u00e1k,&nbsp;Astor Piazzolla,&nbsp;Francis Poulenc,&nbsp;Alexis Aranda, Alberto Ginastera y&nbsp;Aram Khachaturian.<\/p>\n\n\n\n<p>En palabras de su directora, este recital ofrecer\u00e1 un panorama amplio del repertorio pian\u00edstico porque el p\u00fablico tendr\u00e1 la oportunidad de escuchar no solo a pianistas en solitario, tambi\u00e9n la interpretaci\u00f3n de obras a cuatro u ocho manos.<\/p>\n\n\n\n<p>\u201cSer\u00e1 un programa ecl\u00e9ctico que ofrecer\u00e1 un recorrido musical con obras de cuatro siglos (XVIII, XIX, XX y XXI) en el que las y los noveles pianistas mostrar\u00e1n que su t\u00e9cnica y habilidades interpretativas est\u00e1n a la altura de este certamen, dado que el modelo de ense\u00f1anza de la orquesta-escuela de La Ch\u00e1vez les forma como m\u00fasicos de orquesta, de c\u00e1mara y solistas. Ellas y ellos tienen las tablas requeridas para estar en un festival de esta categor\u00eda\u201d.<\/p>\n\n\n\n<p>En opini\u00f3n de Tchibirova, esta participaci\u00f3n en el&nbsp;24\u00b0 Festival Internacional de Piano en Blanco y Negro&nbsp;es motivante para sus estudiantes, pues sumar\u00e1n un escal\u00f3n m\u00e1s en su carrera como pianistas, y porque volver a los escenarios es muy gratificante ya que las y los m\u00fasicos necesitan tocar para el p\u00fablico.<\/p>\n\n\n\n<p>\u201cDesde marzo de 2020 no hab\u00edamos tocado ni ensayado juntos, aunque no estuvimos inactivos, puesto que trabajamos a distancia con clases en l\u00ednea y la realizaci\u00f3n de videos a distancia. Por eso elegimos este programa para el reencuentro con el escenario, la pr\u00e1ctica musical en conjunto y evidentemente con los amantes del piano que asistan a escucharlos el pr\u00f3ximo 18 de septiembre\u201d.<\/p>\n\n\n\n<p>Cabe recordar que el&nbsp;Festival Internacional de Piano en Blanco y Negro se realiza desde 1997, ah\u00ed se dan cita pianistas connotados del orbe, por ello, afirma la entrevistada, el que las y los integrantes de la Orquesta Escuela Carlos Ch\u00e1vez est\u00e9n invitados es gratificante porque compartimos cartel con pianistas internacionales y de amplia trayectoria tanto mexicanos, como extranjeros. \u201cMi maestro,&nbsp;Mikhail Voskresensky, ilustre pianista ruso y docente del Conservatorio de M\u00fasica de Mosc\u00fa, ser\u00e1 el encargado de cerrar las actividades de este festival, concluye.<\/p>\n\n\n\n<p>Los boletos para esta presentaci\u00f3n del 18 de septiembre, a las 19:00 horas, y las subsecuentes actividades del&nbsp;24\u00b0 Festival Internacional de Piano en Blanco y Negro, con sede en el Auditorio Blas Galindo del Cenart, ya est\u00e1n a la venta en las taquillas del recinto. (Av. R\u00edo Churubusco 79, col. Country Club Churubusco, Coyoac\u00e1n, Ciudad de M\u00e9xico); al acudir, es fundamental seguir los protocolos para el cuidado de la salud, dispuestos por las secretar\u00edas de Cultura y Salud, as\u00ed como las medidas del Gobierno de la Ciudad de M\u00e9xico, entre las que se encuentran el uso de cubrebocas, alcohol en gel y el respeto a la sana distancia.<\/p>\n\n\n\n<p>Por otra parte, es importante se\u00f1alar que, dentro del marco del festival, los d\u00edas 17, 18, 22 y 23 de septiembre, as\u00ed como el 1 y 2 de octubre se llevar\u00e1 a cabo el ciclo \u201cConversaciones en blanco y negro\u201d charlas con los artistas participantes y dirigidas a m\u00fasicas y m\u00fasicos profesionales o en formaci\u00f3n. El viernes 17, a las 11:00 horas, se llevar\u00e1 a cabo la Conversaci\u00f3n en Blanco y negro con la directora e integrantes del Ensamble de pianos de la Orquesta Escuela Carlos Ch\u00e1vez.<\/p>\n\n\n\n<p>El cupo presencial para estas conversaciones estar\u00e1 limitado a 15 personas, quienes tengan inter\u00e9s de asistir deber\u00e1n solicitarlo al correo&nbsp;&nbsp;<a href=\"mailto:extacad.info@cultura.gob.mx\" target=\"_blank\" rel=\"noreferrer noopener\">extacad.info@cultura.gob.mx<\/a>&nbsp;al cual tambi\u00e9n deber\u00e1n enviar su semblanza personal.<\/p>\n\n\n\n<p>Para el p\u00fablico en general, estas charlas se transmitir\u00e1n de manera virtual a trav\u00e9s de la plataforma Contigo en la distancia (<a href=\"https:\/\/contigoenladistancia.cultura.gob.mx\/\" target=\"_blank\" rel=\"noreferrer noopener\">https:\/\/contigoenladistancia.cultura.gob.mx\/<\/a>&nbsp;); interfaz.cenart.gob.mx; y el Facebook y canal de YouTube del Cenart.<\/p>\n","protected":false},"excerpt":{"rendered":"<p>La cita es el domingo 18 de septiembre, a las 19:00 horas, en el Auditorio Blas Galindo del Centro Nacional de las Artes. Los boletos se encuentran a la venta en taquillas de recinto El viernes 17, a las 11:00 horas, se llevar\u00e1 a cabo la \u201cConversaci\u00f3n en Blanco y negro\u201d, con la directora, Farizat [&hellip;]<\/p>\n","protected":false},"author":1,"featured_media":1978,"comment_status":"open","ping_status":"open","sticky":false,"template":"","format":"standard","meta":{"advanced_seo_description":"","jetpack_seo_html_title":"","jetpack_seo_noindex":false,"footnotes":"","jetpack_publicize_message":"","jetpack_is_tweetstorm":false,"jetpack_publicize_feature_enabled":true,"jetpack_social_post_already_shared":false,"jetpack_social_options":{"image_generator_settings":{"template":"highway","enabled":false}}},"categories":[26,4],"tags":[],"class_list":["post-1977","post","type-post","status-publish","format-standard","has-post-thumbnail","hentry","category-cultura","category-noticias"],"jetpack_publicize_connections":[],"jetpack_featured_media_url":"https:\/\/elcensornoticias.com\/wp-content\/uploads\/2021\/09\/ensamble_pianos_lachavez5.jpg","jetpack_likes_enabled":true,"jetpack_sharing_enabled":true,"jetpack_shortlink":"https:\/\/wp.me\/p6xy50-vT","_links":{"self":[{"href":"https:\/\/elcensornoticias.com\/index.php?rest_route=\/wp\/v2\/posts\/1977","targetHints":{"allow":["GET"]}}],"collection":[{"href":"https:\/\/elcensornoticias.com\/index.php?rest_route=\/wp\/v2\/posts"}],"about":[{"href":"https:\/\/elcensornoticias.com\/index.php?rest_route=\/wp\/v2\/types\/post"}],"author":[{"embeddable":true,"href":"https:\/\/elcensornoticias.com\/index.php?rest_route=\/wp\/v2\/users\/1"}],"replies":[{"embeddable":true,"href":"https:\/\/elcensornoticias.com\/index.php?rest_route=%2Fwp%2Fv2%2Fcomments&post=1977"}],"version-history":[{"count":1,"href":"https:\/\/elcensornoticias.com\/index.php?rest_route=\/wp\/v2\/posts\/1977\/revisions"}],"predecessor-version":[{"id":1979,"href":"https:\/\/elcensornoticias.com\/index.php?rest_route=\/wp\/v2\/posts\/1977\/revisions\/1979"}],"wp:featuredmedia":[{"embeddable":true,"href":"https:\/\/elcensornoticias.com\/index.php?rest_route=\/wp\/v2\/media\/1978"}],"wp:attachment":[{"href":"https:\/\/elcensornoticias.com\/index.php?rest_route=%2Fwp%2Fv2%2Fmedia&parent=1977"}],"wp:term":[{"taxonomy":"category","embeddable":true,"href":"https:\/\/elcensornoticias.com\/index.php?rest_route=%2Fwp%2Fv2%2Fcategories&post=1977"},{"taxonomy":"post_tag","embeddable":true,"href":"https:\/\/elcensornoticias.com\/index.php?rest_route=%2Fwp%2Fv2%2Ftags&post=1977"}],"curies":[{"name":"wp","href":"https:\/\/api.w.org\/{rel}","templated":true}]}}