{"id":1971,"date":"2021-09-14T20:13:30","date_gmt":"2021-09-14T20:13:30","guid":{"rendered":"http:\/\/elcensornoticias.com\/?p=1971"},"modified":"2021-09-14T20:13:36","modified_gmt":"2021-09-14T20:13:36","slug":"designa-tet-a-marco-antonio-ocampo-cid-como-contralor-interno","status":"publish","type":"post","link":"https:\/\/elcensornoticias.com\/?p=1971","title":{"rendered":"Designa TET a Marco Antonio Ocampo Cid como contralor interno"},"content":{"rendered":"\n<p>Por unanimidad de votos, el Pleno del Tribunal Electoral de Tlaxcala (TET) design\u00f3 a Marco Antonio Ocampo Cid como titular de la Contralor\u00eda Interna del \u00f3rgano jurisdiccional aut\u00f3nomo, para el periodo del 14 de septiembre de 2021 al 13 de septiembre de 2023.<\/p>\n\n\n\n<p>Ocampo Cid, con licenciatura&nbsp;en Ciencias Pol\u00edticas y Administraci\u00f3n P\u00fablica y con maestr\u00eda en Fiscalizaci\u00f3n, Transparencia y Rendici\u00f3n de Cuentas, rindi\u00f3 protesta al cargo minutos despu\u00e9s de que el Pleno coincidi\u00f3 en que fue quien acredit\u00f3&nbsp;mayor experiencia y mejores conocimientos en la materia, adem\u00e1s de originalidad en su ensayo presentado.<\/p>\n\n\n\n<p>Los magistrados Jos\u00e9 Lumbreras y Miguel Nava, as\u00ed como la magistrada Claudia Salvador, se inclinaron por Marco Antonio Ocampo Cid de una terna que completaron Damayanti Zamora Moreno y Magdiel George Galicia.<\/p>\n\n\n\n<p>En lo que se refiere a la experiencia profesional con que cuenta el nuevo titular de la Contralor\u00eda Interna del TET, destacan el de asesor&nbsp;externo en atenci\u00f3n de procedimientos de responsabilidad indemnizatoria y&nbsp;resarcitoria en municipios; asesor&nbsp;externo en hacienda p\u00fablica municipal, dictamen de cuenta p\u00fablica, fiscalizaci\u00f3n superior y control gubernamental en la Junta de Coordinaci\u00f3n y Concertaci\u00f3n Pol\u00edtica del Congreso del Estado; y director&nbsp;de planeaci\u00f3n y desarrollo interinstitucional en el \u00d3rgano de Fiscalizaci\u00f3n Superior del Estado.<\/p>\n\n\n\n<p>Cabe recordar que el titular de la Contralor\u00eda Interna del TET durar\u00e1 en el cargo dos a\u00f1os con posibilidad de reelecci\u00f3n, y no podr\u00e1 ser removido a menos que incurra en alguna de las causas graves&nbsp;&nbsp;previstas en la ley de la materia, con la misma votaci\u00f3n del Pleno requerida para su nombramiento y conforme al procedimiento previsto en la Ley de Responsabilidades de los Servidores P\u00fablicos.<\/p>\n","protected":false},"excerpt":{"rendered":"<p>Por unanimidad de votos, el Pleno del Tribunal Electoral de Tlaxcala (TET) design\u00f3 a Marco Antonio Ocampo Cid como titular de la Contralor\u00eda Interna del \u00f3rgano jurisdiccional aut\u00f3nomo, para el periodo del 14 de septiembre de 2021 al 13 de septiembre de 2023. Ocampo Cid, con licenciatura&nbsp;en Ciencias Pol\u00edticas y Administraci\u00f3n P\u00fablica y con maestr\u00eda [&hellip;]<\/p>\n","protected":false},"author":1,"featured_media":1972,"comment_status":"open","ping_status":"open","sticky":false,"template":"","format":"standard","meta":{"advanced_seo_description":"","jetpack_seo_html_title":"","jetpack_seo_noindex":false,"footnotes":"","jetpack_publicize_message":"","jetpack_is_tweetstorm":false,"jetpack_publicize_feature_enabled":true,"jetpack_social_post_already_shared":false,"jetpack_social_options":{"image_generator_settings":{"template":"highway","enabled":false}}},"categories":[2,3],"tags":[],"class_list":["post-1971","post","type-post","status-publish","format-standard","has-post-thumbnail","hentry","category-destacadas","category-gobierno"],"jetpack_publicize_connections":[],"jetpack_featured_media_url":"https:\/\/elcensornoticias.com\/wp-content\/uploads\/2021\/09\/Sesion-Extraordinaria-5-14092021.jpg","jetpack_likes_enabled":true,"jetpack_sharing_enabled":true,"jetpack_shortlink":"https:\/\/wp.me\/p6xy50-vN","_links":{"self":[{"href":"https:\/\/elcensornoticias.com\/index.php?rest_route=\/wp\/v2\/posts\/1971","targetHints":{"allow":["GET"]}}],"collection":[{"href":"https:\/\/elcensornoticias.com\/index.php?rest_route=\/wp\/v2\/posts"}],"about":[{"href":"https:\/\/elcensornoticias.com\/index.php?rest_route=\/wp\/v2\/types\/post"}],"author":[{"embeddable":true,"href":"https:\/\/elcensornoticias.com\/index.php?rest_route=\/wp\/v2\/users\/1"}],"replies":[{"embeddable":true,"href":"https:\/\/elcensornoticias.com\/index.php?rest_route=%2Fwp%2Fv2%2Fcomments&post=1971"}],"version-history":[{"count":1,"href":"https:\/\/elcensornoticias.com\/index.php?rest_route=\/wp\/v2\/posts\/1971\/revisions"}],"predecessor-version":[{"id":1973,"href":"https:\/\/elcensornoticias.com\/index.php?rest_route=\/wp\/v2\/posts\/1971\/revisions\/1973"}],"wp:featuredmedia":[{"embeddable":true,"href":"https:\/\/elcensornoticias.com\/index.php?rest_route=\/wp\/v2\/media\/1972"}],"wp:attachment":[{"href":"https:\/\/elcensornoticias.com\/index.php?rest_route=%2Fwp%2Fv2%2Fmedia&parent=1971"}],"wp:term":[{"taxonomy":"category","embeddable":true,"href":"https:\/\/elcensornoticias.com\/index.php?rest_route=%2Fwp%2Fv2%2Fcategories&post=1971"},{"taxonomy":"post_tag","embeddable":true,"href":"https:\/\/elcensornoticias.com\/index.php?rest_route=%2Fwp%2Fv2%2Ftags&post=1971"}],"curies":[{"name":"wp","href":"https:\/\/api.w.org\/{rel}","templated":true}]}}