{"id":1962,"date":"2021-09-14T20:05:47","date_gmt":"2021-09-14T20:05:47","guid":{"rendered":"http:\/\/elcensornoticias.com\/?p=1962"},"modified":"2021-09-14T20:05:51","modified_gmt":"2021-09-14T20:05:51","slug":"resultados-de-la-segunda-etapa-de-la-convocatoria-ecamc-2021","status":"publish","type":"post","link":"https:\/\/elcensornoticias.com\/?p=1962","title":{"rendered":"Resultados de la segunda etapa de la convocatoria ECAMC 2021"},"content":{"rendered":"\n<ul class=\"wp-block-list\"><li><strong>Resultaron seleccionados 14 proyectos cinematogr\u00e1ficos para recibir el est\u00edmulo econ\u00f3mico de este a\u00f1o&nbsp;<\/strong><\/li><li><strong>Las propuestas seleccionadas tambi\u00e9n contar\u00e1n con orientaci\u00f3n durante un a\u00f1o y participar\u00e1n en la Residencia ECAMC, 2021 en el estado de Chiapas<\/strong><strong>&nbsp;<\/strong><\/li><li><strong>Adem\u00e1s, se impartir\u00e1n talleres de desarrollo de proyectos para quienes tengan inter\u00e9s de presentarse a la convocatoria del pr\u00f3ximo a\u00f1o &nbsp;<\/strong><\/li><\/ul>\n\n\n\n<p>La Secretar\u00eda de Cultura del Gobierno de M\u00e9xico, a trav\u00e9s del Instituto Mexicano de Cinematograf\u00eda (Imcine), da a conocer los resultados de la segunda etapa de evaluaci\u00f3n de la convocatoria 2021 al Est\u00edmulo a la Creaci\u00f3n Audiovisual en M\u00e9xico y Centroam\u00e9rica para Comunidades Ind\u00edgenas y Afrodescendientes (ECAMC). En esta ocasi\u00f3n fueron seleccionados 14 proyectos para recibir el est\u00edmulo econ\u00f3mico, \u200b\u200bde los cuales&nbsp;seis son largometrajes y ocho cortometrajes.&nbsp;<\/p>\n\n\n\n<p>\u201cComo parte de nuestro compromiso por no dejar a nadie atr\u00e1s y a nadie fuera, abrimos las convocatorias ECAMC, que tienen por objetivo avanzar en la inclusi\u00f3n de los pueblos ind\u00edgenas y afromexicanos a las distintas formas de creaci\u00f3n audiovisual y cinematogr\u00e1fica, individual y colectiva. Felicidades a las y los seleccionados. Con iniciativas como esta seguimos impulsando al desarrollo del cine nacional\u201d, coment\u00f3 la secretaria de Cultura del Gobierno de M\u00e9xico, Alejandra Frausto Guerrero.&nbsp;&nbsp;&nbsp;&nbsp;<\/p>\n\n\n\n<p>De estos proyectos se destacan los siguientes datos:&nbsp;<\/p>\n\n\n\n<ul class=\"wp-block-list\"><li>Fueron seleccionados 13 proyectos de M\u00e9xico: Oaxaca (6), Chiapas (5), Ciudad de M\u00e9xico (1), Estado de M\u00e9xico (1).&nbsp;<\/li><li>Hay un proyecto de Centroam\u00e9rica, proviene de Guatemala.&nbsp;<\/li><li>13 personas responsables de los proyectos seleccionados se autoadscriben como ind\u00edgenas y una como afrodescendiente.&nbsp;<\/li><li>Entre las propuestas seleccionadas se encuentran siete encabezadas por mujeres y siete por hombres.&nbsp;<\/li><li>De las y los responsables, 11 personas hablan una lengua ind\u00edgena, entre las que se encuentran: mixe, \u00f1uu savi, o\u2019dam, otom\u00ed del norte de Toluca, poqomchi, tseltal, tsotsil, zapoteco de la Sierra Norte y zapoteco del Itsmo.&nbsp;<\/li><li>Nueve de los proyectos ser\u00e1n grabados en lenguas ind\u00edgenas y espa\u00f1ol y cinco totalmente en espa\u00f1ol.&nbsp;<\/li><li>Por g\u00e9nero cinematogr\u00e1fico, los proyectos se dividen en nueve documentales y cinco ficciones; tres para postproducci\u00f3n y 11 para producci\u00f3n&nbsp;<\/li><\/ul>\n\n\n\n<p>Los proyectos seleccionados son:&nbsp;&nbsp;<\/p>\n\n\n\n<ol class=\"wp-block-list\"><li><strong><em>Nyanga<\/em><\/strong>, presentado&nbsp;por Medhin Tewolde Serrano (Postproducci\u00f3n de cortometraje).&nbsp;<\/li><li><strong><em>Se elige<\/em><\/strong><strong>,<\/strong>&nbsp;presentado&nbsp;por Alma Yoari Cizana L\u00f3pez (Producci\u00f3n de cortometraje).&nbsp;<\/li><li><strong><em>Tzofo<\/em><\/strong><em>,&nbsp;<\/em>presentado por Salvador Martinez Mart\u00ednez (Postproducci\u00f3n de largometraje).&nbsp;<\/li><li><strong><em>Valentina o la serenidad<\/em><\/strong>, presentado por Mar\u00eda de los \u00c1ngeles Cruz Murillo (Producci\u00f3n de largometraje). &nbsp;<\/li><li><strong><em>Me sacramento<\/em><\/strong>, presentado por Florencia G\u00f3mez Santiz (Producci\u00f3n de largometraje).&nbsp;<\/li><li><strong><em>J-kuxlejaltik &#8211; Nuestra Vida<\/em><\/strong>, presentado por Liliana Guadalupe L\u00f3pez L\u00f3pez (Postproducci\u00f3n de cortometraje).&nbsp;<\/li><li><strong><em>Escrib\u00ed mi nombre en la selva<\/em><\/strong>, presentado por Sinhu\u00e9 Ascona Mora (Producci\u00f3n de cortometraje).&nbsp;<\/li><li><strong><em>Ser muxe\u00b4<\/em><\/strong>, presentado por Juan Ernesto Regalado Morales (Producci\u00f3n de largometraje).&nbsp;<\/li><li><strong><em>Xgooba<\/em><\/strong>, presentado por David Illescas Mendoza (Producci\u00f3n de cortometraje).&nbsp;<\/li><li><strong><em>Snichimal abtelal &#8211; Las flores del trabajo<\/em><\/strong><em>,<\/em>&nbsp;presentado por Ana Mar\u00eda V\u00e1zquez Hern\u00e1ndez (Producci\u00f3n de largometraje).&nbsp;<\/li><li><strong><em>Atardecer<\/em><\/strong>,&nbsp;presentado por Elvis Caj Cojoc (Producci\u00f3n de cortometraje).&nbsp;<\/li><li><strong><em>Gu juk gio gu yooxi<\/em><\/strong>, presentado por Selene Yuridia Galindo Cumplido (Producci\u00f3n de cortometraje).&nbsp;<\/li><li><strong><em>Yo\u00b4on k\u00b4ox krem (Coraz\u00f3n de ni\u00f1o)<\/em><\/strong>, presentado por Bernardino de Jes\u00fas L\u00f3pez de la Cruz (Producci\u00f3n de largometraje).&nbsp;<\/li><li><strong><em>Pr\u00f3logo y ep\u00edlogo<\/em><\/strong>, presentado por Dinazar Urbina Mata (Producci\u00f3n de cortometraje).&nbsp;<\/li><\/ol>\n\n\n\n<p>Cabe mencionar que se trata de la tercera edici\u00f3n de la convocatoria ECAMC; abri\u00f3 en febrero de este a\u00f1o, cont\u00f3 con dos etapas de evaluaci\u00f3n: programa de formaci\u00f3n y est\u00edmulo econ\u00f3mico. El pasado mes de abril se dieron a conocer los 20 proyectos que resultaron seleccionados tras la primera etapa de evaluaci\u00f3n para participar en el programa de formaci\u00f3n, el cual tuvo una duraci\u00f3n de 120 horas \u200b\u200by&nbsp;permiti\u00f3 a las y los realizadores trabajar en las \u00e1reas de oportunidad de proyectos y consolidar sus carpetas de producci\u00f3n y postproducci\u00f3n, adem\u00e1s de desarrollar habilidades dentro diversas materias.&nbsp;&nbsp;<\/p>\n\n\n\n<p>Tras la segunda etapa de evaluaci\u00f3n, adem\u00e1s de recibir el est\u00edmulo econ\u00f3mico para su producci\u00f3n o postproducci\u00f3n, las y los realizadores de los 14 proyectos seleccionados tambi\u00e9n contar\u00e1n con orientaci\u00f3n durante un a\u00f1o y, en diciembre pr\u00f3ximo, participar\u00e1n en la Residencia ECAMC 2021, en la que cursar\u00e1n cinco talleres especializados, a realizarse en el Centro de Apoyo a la Postproducci\u00f3n (CAPP) del Imcine, ubicado en La Albarrada, San Crist\u00f3bal De las Casas, Chiapas.&nbsp;&nbsp;<\/p>\n\n\n\n<p>Los talleres son:&nbsp;<\/p>\n\n\n\n<ul class=\"wp-block-list\"><li>Taller 1- Direcci\u00f3n&nbsp;<\/li><li>Taller 2- Fotograf\u00eda&nbsp;<\/li><li>Taller 3- Sonido&nbsp;<\/li><li>Taller 4- Producci\u00f3n&nbsp;<\/li><li>Taller 5- Ruta de Labs y Festivales&nbsp;<\/li><\/ul>\n\n\n\n<p>El ECAMC tiene el objetivo de avanzar en la inclusi\u00f3n de los pueblos ind\u00edgenas y afrodescendientes en las distintas formas de creaci\u00f3n cinematogr\u00e1fica individual y colectiva, que promueven el sentido de comunidad y pertenencia en un marco de dignidad, igualdad, equidad y justicia. Para continuar con esta labor, el Imcine anuncia que en octubre del presente a\u00f1o se llevar\u00e1n a cabo dos talleres virtuales para desarrollo de proyectos, dirigidos a quienes est\u00e9n interesados en participar en la convocatoria ECAMC 2022 que se abrir\u00e1 en noviembre de este mismo a\u00f1o.&nbsp;&nbsp;<\/p>\n\n\n\n<p>Gr\u00e1ficos y stills:&nbsp;<a href=\"https:\/\/drive.google.com\/drive\/folders\/1wI4IRb2XLAd3Ow5-b3Cs2Yx0PX0HBq93\" target=\"_blank\" rel=\"noreferrer noopener\">https:\/\/drive.google.com\/drive\/folders\/1wI4IRb2XLAd3Ow5-b3Cs2Yx0PX0HBq93<\/a>&nbsp;&nbsp;<\/p>\n","protected":false},"excerpt":{"rendered":"<p>Resultaron seleccionados 14 proyectos cinematogr\u00e1ficos para recibir el est\u00edmulo econ\u00f3mico de este a\u00f1o&nbsp; Las propuestas seleccionadas tambi\u00e9n contar\u00e1n con orientaci\u00f3n durante un a\u00f1o y participar\u00e1n en la Residencia ECAMC, 2021 en el estado de Chiapas&nbsp; Adem\u00e1s, se impartir\u00e1n talleres de desarrollo de proyectos para quienes tengan inter\u00e9s de presentarse a la convocatoria del pr\u00f3ximo a\u00f1o [&hellip;]<\/p>\n","protected":false},"author":1,"featured_media":1963,"comment_status":"open","ping_status":"open","sticky":false,"template":"","format":"standard","meta":{"advanced_seo_description":"","jetpack_seo_html_title":"","jetpack_seo_noindex":false,"footnotes":"","jetpack_publicize_message":"","jetpack_is_tweetstorm":false,"jetpack_publicize_feature_enabled":true,"jetpack_social_post_already_shared":false,"jetpack_social_options":{"image_generator_settings":{"template":"highway","enabled":false}}},"categories":[26,4],"tags":[],"class_list":["post-1962","post","type-post","status-publish","format-standard","has-post-thumbnail","hentry","category-cultura","category-noticias"],"jetpack_publicize_connections":[],"jetpack_featured_media_url":"https:\/\/elcensornoticias.com\/wp-content\/uploads\/2021\/09\/SEGUNDA_ETAPA_SLIDE.jpg","jetpack_likes_enabled":true,"jetpack_sharing_enabled":true,"jetpack_shortlink":"https:\/\/wp.me\/p6xy50-vE","_links":{"self":[{"href":"https:\/\/elcensornoticias.com\/index.php?rest_route=\/wp\/v2\/posts\/1962","targetHints":{"allow":["GET"]}}],"collection":[{"href":"https:\/\/elcensornoticias.com\/index.php?rest_route=\/wp\/v2\/posts"}],"about":[{"href":"https:\/\/elcensornoticias.com\/index.php?rest_route=\/wp\/v2\/types\/post"}],"author":[{"embeddable":true,"href":"https:\/\/elcensornoticias.com\/index.php?rest_route=\/wp\/v2\/users\/1"}],"replies":[{"embeddable":true,"href":"https:\/\/elcensornoticias.com\/index.php?rest_route=%2Fwp%2Fv2%2Fcomments&post=1962"}],"version-history":[{"count":1,"href":"https:\/\/elcensornoticias.com\/index.php?rest_route=\/wp\/v2\/posts\/1962\/revisions"}],"predecessor-version":[{"id":1964,"href":"https:\/\/elcensornoticias.com\/index.php?rest_route=\/wp\/v2\/posts\/1962\/revisions\/1964"}],"wp:featuredmedia":[{"embeddable":true,"href":"https:\/\/elcensornoticias.com\/index.php?rest_route=\/wp\/v2\/media\/1963"}],"wp:attachment":[{"href":"https:\/\/elcensornoticias.com\/index.php?rest_route=%2Fwp%2Fv2%2Fmedia&parent=1962"}],"wp:term":[{"taxonomy":"category","embeddable":true,"href":"https:\/\/elcensornoticias.com\/index.php?rest_route=%2Fwp%2Fv2%2Fcategories&post=1962"},{"taxonomy":"post_tag","embeddable":true,"href":"https:\/\/elcensornoticias.com\/index.php?rest_route=%2Fwp%2Fv2%2Ftags&post=1962"}],"curies":[{"name":"wp","href":"https:\/\/api.w.org\/{rel}","templated":true}]}}