{"id":1956,"date":"2021-09-14T20:00:47","date_gmt":"2021-09-14T20:00:47","guid":{"rendered":"http:\/\/elcensornoticias.com\/?p=1956"},"modified":"2021-09-14T20:00:50","modified_gmt":"2021-09-14T20:00:50","slug":"realiza-cepc-primera-reunion-estatal-de-proteccion-civil","status":"publish","type":"post","link":"https:\/\/elcensornoticias.com\/?p=1956","title":{"rendered":"REALIZA CEPC PRIMERA REUNI\u00d3N ESTATAL DE PROTECCI\u00d3N CIVIL"},"content":{"rendered":"\n<p><em>Se coordinar\u00e1n acciones con municipios para la verificaci\u00f3n del cumplimiento de medidas sanitarias contra Covid-19.<\/em><\/p>\n\n\n\n<p>La Coordinaci\u00f3n Estatal de Protecci\u00f3n Civil (CEPC) encabez\u00f3 la Primera Reuni\u00f3n Estatal en la materia, con presidentes municipales y directores del \u00e1rea, a fin de trabajar de manera coordinada en beneficio de la poblaci\u00f3n.<\/p>\n\n\n\n<p>Durante la plenaria, el titular de la Coordinaci\u00f3n, Juvencio Nieto Galicia, reafirm\u00f3 el compromiso de la gobernadora Lorena Cu\u00e9llar Cisneros, de priorizar la salud y bienestar de los tlaxcaltecas, a trav\u00e9s de estrategias de acci\u00f3n que prevengan incidentes y fomenten la cultura de protecci\u00f3n civil.<\/p>\n\n\n\n<p>Nieto Galicia invit\u00f3 a los ayuntamientos a realizar operativos para verificar el cumplimiento del decreto emitido por el gobierno del estado referente a las medidas extraordinarias aprobadas por el Consejo Estatal de Salud para contener los contagios del virus SARS-CoV-2 y tambi\u00e9n los conmin\u00f3 a participar en las capacitaciones que ofrece esta dependencia.<\/p>\n\n\n\n<p>El funcionario local, inform\u00f3 sobre el Simulacro Nacional que se llevar\u00e1 a cabo el pr\u00f3ximo 19 de septiembre a las 11:30 horas en el que se espera la participaci\u00f3n de autoridades de los tres niveles de gobierno y de la ciudadan\u00eda.<\/p>\n","protected":false},"excerpt":{"rendered":"<p>Se coordinar\u00e1n acciones con municipios para la verificaci\u00f3n del cumplimiento de medidas sanitarias contra Covid-19. La Coordinaci\u00f3n Estatal de Protecci\u00f3n Civil (CEPC) encabez\u00f3 la Primera Reuni\u00f3n Estatal en la materia, con presidentes municipales y directores del \u00e1rea, a fin de trabajar de manera coordinada en beneficio de la poblaci\u00f3n. Durante la plenaria, el titular de [&hellip;]<\/p>\n","protected":false},"author":1,"featured_media":1957,"comment_status":"open","ping_status":"open","sticky":false,"template":"","format":"standard","meta":{"advanced_seo_description":"","jetpack_seo_html_title":"","jetpack_seo_noindex":false,"footnotes":"","jetpack_publicize_message":"","jetpack_is_tweetstorm":false,"jetpack_publicize_feature_enabled":true,"jetpack_social_post_already_shared":false,"jetpack_social_options":{"image_generator_settings":{"template":"highway","enabled":false}}},"categories":[2,3],"tags":[],"class_list":["post-1956","post","type-post","status-publish","format-standard","has-post-thumbnail","hentry","category-destacadas","category-gobierno"],"jetpack_publicize_connections":[],"jetpack_featured_media_url":"https:\/\/elcensornoticias.com\/wp-content\/uploads\/2021\/09\/140921_CEPC_ALCALDES-1-2.jpeg","jetpack_likes_enabled":true,"jetpack_sharing_enabled":true,"jetpack_shortlink":"https:\/\/wp.me\/p6xy50-vy","_links":{"self":[{"href":"https:\/\/elcensornoticias.com\/index.php?rest_route=\/wp\/v2\/posts\/1956","targetHints":{"allow":["GET"]}}],"collection":[{"href":"https:\/\/elcensornoticias.com\/index.php?rest_route=\/wp\/v2\/posts"}],"about":[{"href":"https:\/\/elcensornoticias.com\/index.php?rest_route=\/wp\/v2\/types\/post"}],"author":[{"embeddable":true,"href":"https:\/\/elcensornoticias.com\/index.php?rest_route=\/wp\/v2\/users\/1"}],"replies":[{"embeddable":true,"href":"https:\/\/elcensornoticias.com\/index.php?rest_route=%2Fwp%2Fv2%2Fcomments&post=1956"}],"version-history":[{"count":1,"href":"https:\/\/elcensornoticias.com\/index.php?rest_route=\/wp\/v2\/posts\/1956\/revisions"}],"predecessor-version":[{"id":1958,"href":"https:\/\/elcensornoticias.com\/index.php?rest_route=\/wp\/v2\/posts\/1956\/revisions\/1958"}],"wp:featuredmedia":[{"embeddable":true,"href":"https:\/\/elcensornoticias.com\/index.php?rest_route=\/wp\/v2\/media\/1957"}],"wp:attachment":[{"href":"https:\/\/elcensornoticias.com\/index.php?rest_route=%2Fwp%2Fv2%2Fmedia&parent=1956"}],"wp:term":[{"taxonomy":"category","embeddable":true,"href":"https:\/\/elcensornoticias.com\/index.php?rest_route=%2Fwp%2Fv2%2Fcategories&post=1956"},{"taxonomy":"post_tag","embeddable":true,"href":"https:\/\/elcensornoticias.com\/index.php?rest_route=%2Fwp%2Fv2%2Ftags&post=1956"}],"curies":[{"name":"wp","href":"https:\/\/api.w.org\/{rel}","templated":true}]}}