{"id":10325,"date":"2022-05-04T01:21:16","date_gmt":"2022-05-04T01:21:16","guid":{"rendered":"http:\/\/elcensornoticias.com\/?p=10325"},"modified":"2022-05-04T01:21:19","modified_gmt":"2022-05-04T01:21:19","slug":"sedeco-lleva-a-cabo-la-feria-de-credito-tlaxcala-2022","status":"publish","type":"post","link":"https:\/\/elcensornoticias.com\/?p=10325","title":{"rendered":"SEDECO LLEVA A CABO LA FERIA DE CR\u00c9DITO TLAXCALA 2022"},"content":{"rendered":"\n<p><em>El objetivo fue acercar la banca comercial a las Mipymes y brindar as\u00ed alternativas de financiamiento para reactivar la econom\u00eda local y conservar los empleos<\/em><\/p>\n\n\n\n<p>Luego de la firma de convenio entre el Gobierno de Tlaxcala y Nacional Financiera-Banco Nacional de Comercio Exterior (Nafin-Bancomext), se reunieron en las instalaciones de la Secretar\u00eda de Desarrollo Econ\u00f3mico (Sedeco) 11 firmas de la banca comercial para ofrecer financiamiento a las Micro, Peque\u00f1as y Medianas Empresas (Mipymes) de Tlaxcala, con el objetivo de que puedan reactivarse econ\u00f3micamente y conservar los empleos de familias tlaxcaltecas.<\/p>\n\n\n\n<p>En la inauguraci\u00f3n de la Feria del Cr\u00e9dito, el director general de Nafin-Bancomext, Luis Antonio Ram\u00edrez Pineda agradeci\u00f3 a los bancos presentes su inter\u00e9s por estar en el evento, \u201cporque lo que queremos en Tlaxcala es que haya mayor acceso al cr\u00e9dito, queremos que haya una mayor participaci\u00f3n y mayor conciencia entre la poblaci\u00f3n de las ventajas que tiene hacer uso del sistema financiero\u201d.<\/p>\n\n\n\n<p>En su intervenci\u00f3n, el secretario de Desarrollo Econ\u00f3mico, Javier Marroqu\u00edn Calder\u00f3n agradeci\u00f3 la disposici\u00f3n y apoyo de los bancos, adem\u00e1s de que reiter\u00f3 la voluntad de la Sedeco para seguir capacitando a las empresas en el tema financiero y apoy\u00e1ndolas con eventos como \u00e9ste.<\/p>\n\n\n\n<p>Finalmente, fueron cerca de 200 personas de varios municipios tlaxcaltecas las que asistieron a la Feria de Cr\u00e9dito, en su inter\u00e9s por acceder a un empr\u00e9stito bancario para reactivar su empresa o negocio.<\/p>\n","protected":false},"excerpt":{"rendered":"<p>El objetivo fue acercar la banca comercial a las Mipymes y brindar as\u00ed alternativas de financiamiento para reactivar la econom\u00eda local y conservar los empleos Luego de la firma de convenio entre el Gobierno de Tlaxcala y Nacional Financiera-Banco Nacional de Comercio Exterior (Nafin-Bancomext), se reunieron en las instalaciones de la Secretar\u00eda de Desarrollo Econ\u00f3mico [&hellip;]<\/p>\n","protected":false},"author":1,"featured_media":10328,"comment_status":"open","ping_status":"open","sticky":false,"template":"","format":"standard","meta":{"advanced_seo_description":"","jetpack_seo_html_title":"","jetpack_seo_noindex":false,"footnotes":"","jetpack_publicize_message":"","jetpack_is_tweetstorm":false,"jetpack_publicize_feature_enabled":true,"jetpack_social_post_already_shared":true,"jetpack_social_options":{"image_generator_settings":{"template":"highway","enabled":false}}},"categories":[2,3],"tags":[],"class_list":["post-10325","post","type-post","status-publish","format-standard","has-post-thumbnail","hentry","category-destacadas","category-gobierno"],"jetpack_publicize_connections":[],"jetpack_featured_media_url":"https:\/\/elcensornoticias.com\/wp-content\/uploads\/2022\/05\/030522_SEDECO_FERIA_4.jpeg","jetpack_likes_enabled":true,"jetpack_sharing_enabled":true,"jetpack_shortlink":"https:\/\/wp.me\/p6xy50-2Gx","_links":{"self":[{"href":"https:\/\/elcensornoticias.com\/index.php?rest_route=\/wp\/v2\/posts\/10325","targetHints":{"allow":["GET"]}}],"collection":[{"href":"https:\/\/elcensornoticias.com\/index.php?rest_route=\/wp\/v2\/posts"}],"about":[{"href":"https:\/\/elcensornoticias.com\/index.php?rest_route=\/wp\/v2\/types\/post"}],"author":[{"embeddable":true,"href":"https:\/\/elcensornoticias.com\/index.php?rest_route=\/wp\/v2\/users\/1"}],"replies":[{"embeddable":true,"href":"https:\/\/elcensornoticias.com\/index.php?rest_route=%2Fwp%2Fv2%2Fcomments&post=10325"}],"version-history":[{"count":1,"href":"https:\/\/elcensornoticias.com\/index.php?rest_route=\/wp\/v2\/posts\/10325\/revisions"}],"predecessor-version":[{"id":10329,"href":"https:\/\/elcensornoticias.com\/index.php?rest_route=\/wp\/v2\/posts\/10325\/revisions\/10329"}],"wp:featuredmedia":[{"embeddable":true,"href":"https:\/\/elcensornoticias.com\/index.php?rest_route=\/wp\/v2\/media\/10328"}],"wp:attachment":[{"href":"https:\/\/elcensornoticias.com\/index.php?rest_route=%2Fwp%2Fv2%2Fmedia&parent=10325"}],"wp:term":[{"taxonomy":"category","embeddable":true,"href":"https:\/\/elcensornoticias.com\/index.php?rest_route=%2Fwp%2Fv2%2Fcategories&post=10325"},{"taxonomy":"post_tag","embeddable":true,"href":"https:\/\/elcensornoticias.com\/index.php?rest_route=%2Fwp%2Fv2%2Ftags&post=10325"}],"curies":[{"name":"wp","href":"https:\/\/api.w.org\/{rel}","templated":true}]}}