{"id":57869,"date":"2026-09-02T20:22:26","date_gmt":"2026-09-02T20:22:26","guid":{"rendered":"http:\/\/elcensornoticias.com\/?p=57869"},"modified":"2026-09-02T20:22:28","modified_gmt":"2026-09-02T20:22:28","slug":"lo-mejor-del-ariel-nominadas-y-ganadoras-por-mx-nuestro-cine","status":"publish","type":"post","link":"http:\/\/elcensornoticias.com\/?p=57869","title":{"rendered":"LO MEJOR DEL ARIEL: NOMINADAS Y GANADORAS POR MX NUESTRO CINE"},"content":{"rendered":"\n<ul class=\"wp-block-list\">\n<li><strong>A trav\u00e9s de 20 largometrajes producidos entre 1994 y 2022, se hace un recorrido cronol\u00f3gico por el documental mexicano que ha sido reconocido por la Academia Mexicana de Artes y Ciencias Cinematogr\u00e1ficas<\/strong><\/li>\n\n\n\n<li><strong>Transmisi\u00f3n: lunes a viernes, a partir del 1 de septiembre, a las 22:00 horas, por la se\u00f1al 22.2 y v\u00eda\u00a0<em>streaming<\/em><\/strong><\/li>\n<\/ul>\n\n\n\n<p>Ciudad de M\u00e9xico, a 1 de septiembre de 2026. El<strong>&nbsp;Premio Ariel<\/strong>, otorgado por la&nbsp;<strong>Academia Mexicana de Artes y Ciencias Cinematogr\u00e1ficas (AMACC)<\/strong>, es la m\u00e1xima distinci\u00f3n del cine mexicano. En la categor\u00eda de&nbsp;<strong><em>Mejor Largometraje Documental<\/em><\/strong>&nbsp;se han reconocido, durante m\u00e1s de tres d\u00e9cadas, las obras que retratan con mayor rigor y profundidad las realidades, memorias y luchas del pa\u00eds. Durante el mes de septiembre,&nbsp;<strong>MX Nuestro Cine<\/strong>&nbsp;dedica su programaci\u00f3n nocturna al ciclo&nbsp;<strong><em>Nominadas y Ganadoras al Ariel por Mejor Largometraje Documental<\/em><\/strong>, un testimonio de la evoluci\u00f3n tem\u00e1tica y est\u00e9tica del documental nacional a lo largo de casi tres d\u00e9cadas.<\/p>\n\n\n\n<p><strong>Promocional&nbsp;<\/strong><a href=\"https:\/\/youtu.be\/VSG3cqYTVHI?si=51o74-0pRysQD5dk\" target=\"_blank\" rel=\"noreferrer noopener\"><strong><em><u>Nominadas y ganadoras al Ariel<\/u><\/em><\/strong><\/a><\/p>\n\n\n\n<p>La muestra comprende del&nbsp;<strong>1 al 29 de septiembre<\/strong>&nbsp;con un t\u00edtulo por d\u00eda.<\/p>\n\n\n\n<p><strong><u>Del 1 al 4 de septiembre<\/u><\/strong><\/p>\n\n\n\n<ul class=\"wp-block-list\">\n<li>Martes 1:\u00a0<strong><em>La l\u00ednea<\/em><\/strong>, de\u00a0<strong>Ernesto Rimoch<\/strong>\u00a0\u2013 IMCINE. Ganadora en 1994.<\/li>\n\n\n\n<li>Mi\u00e9rcoles 2:\u00a0<strong><em>Recuerdos<\/em><\/strong>, de\u00a0<strong>Marcela Arteaga<\/strong>\u00a0\u2013 CCC. Nominada en 2005.<\/li>\n\n\n\n<li>Jueves 3:\u00a0<strong><em>Tr\u00f3pico de c\u00e1ncer<\/em><\/strong>, de\u00a0<strong>Eugenio Polgovsky<\/strong>\u00a0\u2013 CCC. Nominada en 2005.<\/li>\n\n\n\n<li>Viernes 4:\u00a0<strong><em>Mi vida dentro<\/em><\/strong>, de\u00a0<strong>Luc\u00eda Gaj\u00e1<\/strong>\u00a0&#8211; Ultra Films. Nominada en 2008.<\/li>\n<\/ul>\n\n\n\n<p><strong><u>Del 7 al 11 de septiembre:<\/u><\/strong><\/p>\n\n\n\n<ul class=\"wp-block-list\">\n<li>Lunes 7:\u00a0<strong><em>Los ladrones viejos<\/em><\/strong>, de\u00a0<strong>Everardo Gonz\u00e1lez<\/strong>\u00a0\u2013 IMCINE. Ganadora en 2008<\/li>\n\n\n\n<li>Martes 8:\u00a0<strong><em>Los herederos<\/em><\/strong>, de\u00a0<strong>Eugenio Polgovsky<\/strong>\u00a0&#8211; Tecolote Films. Ganadora en 2009.<\/li>\n\n\n\n<li>Mi\u00e9rcoles 9:\u00a0<strong><em>7 instantes<\/em><\/strong>,de\u00a0<strong>Diana Cardozo<\/strong>\u00a0\u2013 CCC. Nominada en 2009<\/li>\n\n\n\n<li>Jueves 10:\u00a0<strong><em>La historia en la mirada<\/em><\/strong>, de\u00a0<strong>Jos\u00e9 Ram\u00f3n Mikelaj\u00e1uregui<\/strong>\u00a0&#8211; Filmoteca UNAM. Ganadora en 2011.<\/li>\n\n\n\n<li>Viernes 11:\u00a0<strong><em>El lugar m\u00e1s peque\u00f1o<\/em><\/strong>, de\u00a0<strong>Tatiana Huezo<\/strong>\u00a0\u2013 CCC. Ganadora en 2012.<\/li>\n<\/ul>\n\n\n\n<p><strong><u>Del 14 al 18 de septiembre:<\/u><\/strong><\/p>\n\n\n\n<ul class=\"wp-block-list\">\n<li>Lunes 14:\u00a0<strong><em>La revoluci\u00f3n de los alcatraces<\/em><\/strong>, de\u00a0<strong>Luciana Kaplan<\/strong>\u00a0\u2013 CCC. Nominada en 2013.<\/li>\n\n\n\n<li>Mi\u00e9rcoles 16:\u00a0<strong><em>Quebranto<\/em><\/strong>, de\u00a0<strong>Roberto Fiesco<\/strong>\u00a0&#8211; Mil Nubes. Ganadora en 2014.<\/li>\n\n\n\n<li>Jueves 17:\u00a0<strong><em>El alcalde<\/em><\/strong>, de\u00a0<strong>Carlos F. Rossini<\/strong>,\u00a0<strong>Diego Enrique Osorno<\/strong>\u00a0y\u00a0<strong>Emiliano Altuna<\/strong>\u00a0&#8211; Bamb\u00fa Audiovisual. Nominada en 2014.<\/li>\n\n\n\n<li>Viernes 18:\u00a0<strong><em>La huella del doctor Ernesto Guevara<\/em><\/strong>, de\u00a0<strong>Jorge Denti<\/strong>\u00a0\u2013 IMCINE. Nominada en 2014.<\/li>\n<\/ul>\n\n\n\n<p><strong><u>Del 21 al 25 de septiembre<\/u><\/strong><\/p>\n\n\n\n<ul class=\"wp-block-list\">\n<li>Lunes 21:\u00a0<strong><em>Lejan\u00eda<\/em><\/strong>, de\u00a0<strong>Pablo Tamez Sierra<\/strong>\u00a0\u2013 CCC. Nominada en 2014<\/li>\n\n\n\n<li>Martes 22:\u00a0<strong><em>Tiempo suspendido<\/em><\/strong>, de\u00a0<strong>Natalia Bruschtein<\/strong>\u00a0\u2013 CCC. Nominada en 2016.<\/li>\n\n\n\n<li>Mi\u00e9rcoles 23:\u00a0<strong><em>Tempestad<\/em><\/strong>, de\u00a0<strong>Tatiana Huezo<\/strong>\u00a0&#8211; Pimienta Films. Ganadora en 2017.<\/li>\n\n\n\n<li>Jueves 24:\u00a0<strong><em>Batallas \u00edntimas<\/em><\/strong>, de\u00a0<strong>Luc\u00eda Gaj\u00e1<\/strong>\u00a0&#8211; Caguama Producciones. Nominada en 2017<\/li>\n\n\n\n<li>Viernes 25:\u00a0<strong><em>Rita, el documental<\/em><\/strong>, de\u00a0<strong>Jos\u00e9 Arturo D\u00edaz Santana<\/strong>\u00a0\u2013 CUEC. Nominada en 2017.<\/li>\n<\/ul>\n\n\n\n<p><strong><u>28 y 29 de septiembre<\/u><\/strong><\/p>\n\n\n\n<ul class=\"wp-block-list\">\n<li>Lunes 28:\u00a0<strong><em>Volverte a ver<\/em><\/strong>, de\u00a0<strong>Carolina Corral Paredes<\/strong>\u00a0&#8211; Pimienta Films. Nominada en 2021.<\/li>\n\n\n\n<li>Martes 29:\u00a0<strong><em>Qu\u00e9 le pas\u00f3 a las abejas<\/em><\/strong>, de\u00a0<strong>Adriana Otero Puerto<\/strong>\u00a0y\u00a0<strong>Robin Canul Su\u00e1rez<\/strong>\u00a0&#8211; Memorabilia Casa Productora. Nominada en 2022.<\/li>\n<\/ul>\n\n\n\n<p><strong>MX Nuestro Cin<\/strong>e invita al p\u00fablico a seguir este recorrido por el documental mexicano contempor\u00e1neo, de&nbsp;<strong>lunes a viernes<\/strong>,&nbsp;<strong>a partir del 1 de septiembre<\/strong>, a las&nbsp;<strong>22:00 horas<\/strong>,&nbsp;<strong>por la se\u00f1al 22.2&nbsp;<\/strong>y por&nbsp;<a href=\"https:\/\/www.canal22.org.mx\/mx_nuestro_cine.html\" target=\"_blank\" rel=\"noreferrer noopener\"><strong><em><u>streaming<\/u><\/em><\/strong><\/a>de manera simult\u00e1nea.<\/p>\n","protected":false},"excerpt":{"rendered":"<p>Ciudad de M\u00e9xico, a 1 de septiembre de 2026. El&nbsp;Premio Ariel, otorgado por la&nbsp;Academia Mexicana de Artes y Ciencias Cinematogr\u00e1ficas (AMACC), es la m\u00e1xima distinci\u00f3n del cine mexicano. En la categor\u00eda de&nbsp;Mejor Largometraje Documental&nbsp;se han reconocido, durante m\u00e1s de tres d\u00e9cadas, las obras que retratan con mayor rigor y profundidad las realidades, memorias y luchas [&hellip;]<\/p>\n","protected":false},"author":1,"featured_media":57870,"comment_status":"open","ping_status":"open","sticky":false,"template":"","format":"standard","meta":{"advanced_seo_description":"","jetpack_seo_html_title":"","jetpack_seo_noindex":false,"footnotes":"","jetpack_publicize_message":"","jetpack_is_tweetstorm":false,"jetpack_publicize_feature_enabled":true,"jetpack_social_post_already_shared":true,"jetpack_social_options":{"image_generator_settings":{"template":"highway","enabled":false}}},"categories":[26],"tags":[],"class_list":["post-57869","post","type-post","status-publish","format-standard","has-post-thumbnail","hentry","category-cultura"],"jetpack_publicize_connections":[],"jetpack_featured_media_url":"http:\/\/elcensornoticias.com\/wp-content\/uploads\/2026\/09\/MX-Nuestro-Cine_AMACC.jpeg","jetpack_likes_enabled":true,"jetpack_sharing_enabled":true,"jetpack_shortlink":"https:\/\/wp.me\/p6xy50-f3n","_links":{"self":[{"href":"http:\/\/elcensornoticias.com\/index.php?rest_route=\/wp\/v2\/posts\/57869","targetHints":{"allow":["GET"]}}],"collection":[{"href":"http:\/\/elcensornoticias.com\/index.php?rest_route=\/wp\/v2\/posts"}],"about":[{"href":"http:\/\/elcensornoticias.com\/index.php?rest_route=\/wp\/v2\/types\/post"}],"author":[{"embeddable":true,"href":"http:\/\/elcensornoticias.com\/index.php?rest_route=\/wp\/v2\/users\/1"}],"replies":[{"embeddable":true,"href":"http:\/\/elcensornoticias.com\/index.php?rest_route=%2Fwp%2Fv2%2Fcomments&post=57869"}],"version-history":[{"count":1,"href":"http:\/\/elcensornoticias.com\/index.php?rest_route=\/wp\/v2\/posts\/57869\/revisions"}],"predecessor-version":[{"id":57871,"href":"http:\/\/elcensornoticias.com\/index.php?rest_route=\/wp\/v2\/posts\/57869\/revisions\/57871"}],"wp:featuredmedia":[{"embeddable":true,"href":"http:\/\/elcensornoticias.com\/index.php?rest_route=\/wp\/v2\/media\/57870"}],"wp:attachment":[{"href":"http:\/\/elcensornoticias.com\/index.php?rest_route=%2Fwp%2Fv2%2Fmedia&parent=57869"}],"wp:term":[{"taxonomy":"category","embeddable":true,"href":"http:\/\/elcensornoticias.com\/index.php?rest_route=%2Fwp%2Fv2%2Fcategories&post=57869"},{"taxonomy":"post_tag","embeddable":true,"href":"http:\/\/elcensornoticias.com\/index.php?rest_route=%2Fwp%2Fv2%2Ftags&post=57869"}],"curies":[{"name":"wp","href":"https:\/\/api.w.org\/{rel}","templated":true}]}}