{"id":57857,"date":"2026-09-02T20:05:45","date_gmt":"2026-09-02T20:05:45","guid":{"rendered":"http:\/\/elcensornoticias.com\/?p=57857"},"modified":"2026-09-02T20:06:27","modified_gmt":"2026-09-02T20:06:27","slug":"con-luces-y-tradicion-tlaxcala-recibe-el-mes-patrio","status":"publish","type":"post","link":"http:\/\/elcensornoticias.com\/?p=57857","title":{"rendered":"CON LUCES Y TRADICI\u00d3N, TLAXCALA RECIBE EL MES PATRIO"},"content":{"rendered":"\n<p>* La gobernadora Lorena Cu\u00e9llar Cisneros encabez\u00f3 el protocolo que marc\u00f3 el inicio de las celebraciones patrias, en una noche acompa\u00f1ada de m\u00fasica mexicana, luces y pirotecnia.&nbsp;<\/p>\n\n\n\n<p>Con un ambiente festivo, familiar y lleno de orgullo por M\u00e9xico, el Gobierno del Estado de Tlaxcala llev\u00f3 a cabo el encendido de la iluminaci\u00f3n alusiva a las Fiestas Patrias, con lo que las calles y espacios de la capital comenzaron a vestirse con los colores que distinguen al mes de septiembre.<\/p>\n\n\n\n<p>El protocolo fue encabezado por la gobernadora Lorena Cu\u00e9llar Cisneros, quien estuvo acompa\u00f1ada por integrantes de su gabinete, autoridades municipales y legislativas, adem\u00e1s de decenas de familias tlaxcaltecas que se dieron cita para ser testigos del inicio de las actividades conmemorativas por la Independencia de M\u00e9xico.<\/p>\n\n\n\n<p>La cuenta regresiva marc\u00f3 el momento esperado. \u201c\u00a1Cinco, cuatro, tres, dos, uno, cero!\u201d, se escuch\u00f3 entre las familias reunidas, mientras las luces se encendieron y transformaron el entorno en un escenario iluminado con motivos patrios, arrancando los aplausos y expresiones de entusiasmo de ni\u00f1as, ni\u00f1os, j\u00f3venes y adultos.<\/p>\n\n\n\n<p>La noche tuvo tambi\u00e9n un ingrediente que puso a cantar a m\u00e1s de uno: la m\u00fasica mexicana. Un mariachi acompa\u00f1\u00f3 la celebraci\u00f3n e interpret\u00f3 M\u00e9xico lindo y querido, melod\u00eda que reson\u00f3 entre los asistentes y reforz\u00f3 el ambiente de identidad y orgullo nacional.<\/p>\n\n\n\n<p>Despu\u00e9s de la iluminaci\u00f3n, la celebraci\u00f3n continu\u00f3 con la quema de pirotecnia, que ilumin\u00f3 el cielo y arranc\u00f3 miradas, fotograf\u00edas y aplausos entre las familias. El espect\u00e1culo convirti\u00f3 por unos minutos la noche tlaxcalteca en una postal de septiembre, con luces en el cielo y los colores patrios como protagonistas.<\/p>\n\n\n\n<p>Al t\u00e9rmino, la gobernadora Lorena Cu\u00e9llar Cisneros destac\u00f3 que el inicio de las Fiestas Patrias representa tambi\u00e9n un momento para refrendar el compromiso con la soberan\u00eda nacional y acompa\u00f1ar los esfuerzos de la presidenta de M\u00e9xico, Claudia Sheinbaum Pardo.<\/p>\n\n\n\n<p>\u201cEstamos muy contentos de que hoy, pues pr\u00e1cticamente con la colocaci\u00f3n de los bandos, damos inicio a este espacio, donde deseamos que todos los tlaxcaltecas se encuentren sumamente felices, contentos, que disfruten de las fiestas, que es un mes muy, muy especial\u201d, expres\u00f3.<\/p>\n\n\n\n<p>Se\u00f1al\u00f3 que este periodo tiene un significado especial para su administraci\u00f3n, al encontrarse en el quinto a\u00f1o de gobierno y pr\u00f3ximo a concluir un ciclo al frente del Poder Ejecutivo estatal, por lo que afirm\u00f3 sentirse afortunada de haber podido servir a Tlaxcala y entregar resultados a las familias.<\/p>\n\n\n\n<p>As\u00ed, entre luces, m\u00fasica mexicana, pirotecnia y familias reunidas, Tlaxcala dio la bienvenida a septiembre y a las celebraciones patrias, en una noche que combin\u00f3 el protocolo oficial con el ambiente festivo propio de una de las fechas m\u00e1s representativas para las y los mexicanos.<\/p>\n\n\n\n<p>Con el encendido de la iluminaci\u00f3n, la capital tlaxcalteca comenz\u00f3 a lucir los s\u00edmbolos de una celebraci\u00f3n que durante todo el mes recordar\u00e1 las gestas hist\u00f3ricas que dieron paso a una naci\u00f3n libre y soberana.<\/p>\n","protected":false},"excerpt":{"rendered":"<p>* La gobernadora Lorena Cu\u00e9llar Cisneros encabez\u00f3 el protocolo que marc\u00f3 el inicio de las celebraciones patrias, en una noche acompa\u00f1ada de m\u00fasica mexicana, luces y pirotecnia.&nbsp; Con un ambiente festivo, familiar y lleno de orgullo por M\u00e9xico, el Gobierno del Estado de Tlaxcala llev\u00f3 a cabo el encendido de la iluminaci\u00f3n alusiva a las [&hellip;]<\/p>\n","protected":false},"author":1,"featured_media":57858,"comment_status":"open","ping_status":"open","sticky":false,"template":"","format":"standard","meta":{"advanced_seo_description":"","jetpack_seo_html_title":"","jetpack_seo_noindex":false,"footnotes":"","jetpack_publicize_message":"","jetpack_is_tweetstorm":false,"jetpack_publicize_feature_enabled":true,"jetpack_social_post_already_shared":true,"jetpack_social_options":{"image_generator_settings":{"template":"highway","enabled":false}}},"categories":[5,3],"tags":[],"class_list":["post-57857","post","type-post","status-publish","format-standard","has-post-thumbnail","hentry","category-carrucel","category-gobierno"],"jetpack_publicize_connections":[],"jetpack_featured_media_url":"http:\/\/elcensornoticias.com\/wp-content\/uploads\/2026\/09\/IMG-20260831-WA0115.jpg","jetpack_likes_enabled":true,"jetpack_sharing_enabled":true,"jetpack_shortlink":"https:\/\/wp.me\/p6xy50-f3b","_links":{"self":[{"href":"http:\/\/elcensornoticias.com\/index.php?rest_route=\/wp\/v2\/posts\/57857","targetHints":{"allow":["GET"]}}],"collection":[{"href":"http:\/\/elcensornoticias.com\/index.php?rest_route=\/wp\/v2\/posts"}],"about":[{"href":"http:\/\/elcensornoticias.com\/index.php?rest_route=\/wp\/v2\/types\/post"}],"author":[{"embeddable":true,"href":"http:\/\/elcensornoticias.com\/index.php?rest_route=\/wp\/v2\/users\/1"}],"replies":[{"embeddable":true,"href":"http:\/\/elcensornoticias.com\/index.php?rest_route=%2Fwp%2Fv2%2Fcomments&post=57857"}],"version-history":[{"count":1,"href":"http:\/\/elcensornoticias.com\/index.php?rest_route=\/wp\/v2\/posts\/57857\/revisions"}],"predecessor-version":[{"id":57859,"href":"http:\/\/elcensornoticias.com\/index.php?rest_route=\/wp\/v2\/posts\/57857\/revisions\/57859"}],"wp:featuredmedia":[{"embeddable":true,"href":"http:\/\/elcensornoticias.com\/index.php?rest_route=\/wp\/v2\/media\/57858"}],"wp:attachment":[{"href":"http:\/\/elcensornoticias.com\/index.php?rest_route=%2Fwp%2Fv2%2Fmedia&parent=57857"}],"wp:term":[{"taxonomy":"category","embeddable":true,"href":"http:\/\/elcensornoticias.com\/index.php?rest_route=%2Fwp%2Fv2%2Fcategories&post=57857"},{"taxonomy":"post_tag","embeddable":true,"href":"http:\/\/elcensornoticias.com\/index.php?rest_route=%2Fwp%2Fv2%2Ftags&post=57857"}],"curies":[{"name":"wp","href":"https:\/\/api.w.org\/{rel}","templated":true}]}}