{"id":57158,"date":"2026-04-29T23:24:32","date_gmt":"2026-04-29T23:24:32","guid":{"rendered":"http:\/\/elcensornoticias.com\/?p=57158"},"modified":"2026-04-29T23:24:45","modified_gmt":"2026-04-29T23:24:45","slug":"estado-destaca-a-nivel-nacional-con-tlaxcala-lee-a-las-mujeres","status":"publish","type":"post","link":"http:\/\/elcensornoticias.com\/?p=57158","title":{"rendered":"ESTADO DESTACA A NIVEL NACIONAL CON \u2018TLAXCALA LEE A LAS MUJERES\u2019"},"content":{"rendered":"\n<p>El programa, reconocido por la Secretar\u00eda de Cultura del Gobierno de M\u00e9xico, ha publicado 78 autoras y se posiciona como modelo cultural replicable a nivel nacional e internacional.<\/p>\n\n\n\n<p>Tlaxcala fue reconocido a nivel nacional por la estrategia \u201cTlaxcala lee a las mujeres\u201d, seleccionada en la primera edici\u00f3n del programa Cultiva M\u00e9xico. Banco de Buenas Pr\u00e1cticas en Gesti\u00f3n Cultural y Art\u00edstica, impulsado por la Secretar\u00eda de Cultura del Gobierno de M\u00e9xico, al consolidarse como una de las iniciativas culturales m\u00e1s relevantes del pa\u00eds por su impacto social, innovaci\u00f3n y sostenibilidad.<\/p>\n\n\n\n<p>Dicho reconocimiento incorpora a la entidad al Banco Nacional de Buenas Pr\u00e1cticas, lo que abre rutas de colaboraci\u00f3n, acompa\u00f1amiento t\u00e9cnico y proyecci\u00f3n internacional, fortaleciendo el posicionamiento de Tlaxcala como referente en gesti\u00f3n cultural con enfoque comunitario.<\/p>\n\n\n\n<p>En esta convocatoria fueron seleccionadas 41 iniciativas de todo el pa\u00eds; \u201cTlaxcala lee a las mujeres\u201d destac\u00f3 por ser una de las pocas propuestas impulsadas directamente por un gobierno estatal, en un listado integrado principalmente por organizaciones civiles e iniciativas independientes.<\/p>\n\n\n\n<p>Desde su creaci\u00f3n en 2023, el programa fue construido en torno a una pol\u00edtica cultural integral que articula formaci\u00f3n, producci\u00f3n editorial y lectura p\u00fablica en un mismo proceso, colocando en el centro la voz de las mujeres en el espacio p\u00fablico.<\/p>\n\n\n\n<p>En t\u00e9rminos de impacto, el proyecto ha publicado a 78 autoras, de las cuales 45 son tlaxcaltecas, consolidando una plataforma editorial sostenida para la creaci\u00f3n local. En su edici\u00f3n 2026, \u201cTlaxcala Lee a las Mujeres\u201d re\u00fane a 28 autoras (15 tlaxcaltecas, 9 nacionales y 4 internacionales), la cifra m\u00e1s alta alcanzada por el programa.<\/p>\n\n\n\n<p>A ello se suma la distribuci\u00f3n gratuita de m\u00e1s de 11 mil ejemplares, bajo una pol\u00edtica editorial abierta que permite su reproducci\u00f3n, circulaci\u00f3n y uso comunitario, ampliando el acceso a la lectura en distintos sectores de la poblaci\u00f3n.<\/p>\n\n\n\n<p>Las lecturas p\u00fablicas corales han llegado a m\u00e1s de 30 sedes en los 60 municipios del estado, con una participaci\u00f3n directa de m\u00e1s de 15 mil personas, fortaleciendo la presencia de la literatura en plazas, escuelas y espacios comunitarios.<\/p>\n\n\n\n<p>El modelo incorpora adem\u00e1s un enfoque intergeneracional al integrar a ni\u00f1as, j\u00f3venes y mujeres adultas en una misma colecci\u00f3n y jornadas de lectura, as\u00ed como una dimensi\u00f3n ling\u00fc\u00edstica al incluir lenguas ind\u00edgenas como el n\u00e1huatl y el y\u00fcmuh, lo que refuerza su car\u00e1cter territorial e incluyente.<\/p>\n\n\n\n<p>Durante la ceremonia, autoridades culturales subrayaron que este reconocimiento abre nuevas oportunidades para ampliar el alcance del programa y fortalecer su presencia en m\u00e1s municipios, as\u00ed como su proyecci\u00f3n hacia otras entidades del pa\u00eds.<\/p>\n\n\n\n<p>La secretaria de Cultura del estado, Karen \u00c1lvarez Villeda, se\u00f1al\u00f3 que la pol\u00edtica cultural impulsada por la gobernadora Lorena Cu\u00e9llar, desde el inicio de su administraci\u00f3n, ha generado transformaci\u00f3n en las comunidades del estado. Este logro confirma que los proyectos culturales con enfoque comunitario generan transformaciones reales y sostenibles.<\/p>\n\n\n\n<p>Por su parte, la directora del Museo \u201cMiguel N. Lira\u201d, Gabriela Conde Moreno, expres\u00f3 que el ingreso del programa \u201cTlaxcala Lee a las Mujeres\u201d al Banco de Buenas Pr\u00e1cticas de Cultiva M\u00e9xico consolida un esfuerzo colectivo que impulsa la escritura, publicaci\u00f3n y difusi\u00f3n de la obra de mujeres tlaxcaltecas.&nbsp;<\/p>\n\n\n\n<p>\u201cEl programa ha demostrado que una pol\u00edtica cultural puede abrir condiciones reales para que las mujeres escriban, publiquen y sean le\u00eddas en el espacio p\u00fablico; este reconocimiento es tambi\u00e9n un mensaje claro: sus voces importan y, cuando se encuentran, se convierten en una fuerza colectiva que resiste, inspira y transforma\u201d, afirm\u00f3.<\/p>\n\n\n\n<p>En este proyecto han participado mujeres ind\u00edgenas, mujeres privadas de la libertad y en situaci\u00f3n de migraci\u00f3n; quienes juntas han construido un mapa vivo que permite identificar y acompa\u00f1ar a nuevas escritoras en todo el estado.<\/p>\n\n\n\n<p>El reconocimiento de \u201cCultiva M\u00e9xico\u201d nos coloca como una de las mejores pr\u00e1cticas culturales del pa\u00eds, pero sobre todo visibiliza el trabajo de quienes sostienen la cultura en territorio.&nbsp;<\/p>\n\n\n\n<p>\u201cGracias a este impulso, podremos acceder a recursos para imprimir m\u00e1s ejemplares y multiplicar estas voces. Hemos publicado a mujeres, provenientes de municipios como: Cuapiaxtla, Ixtenco, San Pablo del Monte, Contla de Juan Cuamatzi y Apizaco, confirmando que la literatura tambi\u00e9n es una forma de justicia y de comunidad\u201d, concluy\u00f3.<\/p>\n","protected":false},"excerpt":{"rendered":"<p>El programa, reconocido por la Secretar\u00eda de Cultura del Gobierno de M\u00e9xico, ha publicado 78 autoras y se posiciona como modelo cultural replicable a nivel nacional e internacional. Tlaxcala fue reconocido a nivel nacional por la estrategia \u201cTlaxcala lee a las mujeres\u201d, seleccionada en la primera edici\u00f3n del programa Cultiva M\u00e9xico. Banco de Buenas Pr\u00e1cticas [&hellip;]<\/p>\n","protected":false},"author":1,"featured_media":57159,"comment_status":"open","ping_status":"open","sticky":false,"template":"","format":"standard","meta":{"advanced_seo_description":"","jetpack_seo_html_title":"","jetpack_seo_noindex":false,"footnotes":"","jetpack_publicize_message":"","jetpack_is_tweetstorm":false,"jetpack_publicize_feature_enabled":true,"jetpack_social_post_already_shared":true,"jetpack_social_options":{"image_generator_settings":{"template":"highway","enabled":false}}},"categories":[2,3],"tags":[],"class_list":["post-57158","post","type-post","status-publish","format-standard","has-post-thumbnail","hentry","category-destacadas","category-gobierno"],"jetpack_publicize_connections":[],"jetpack_featured_media_url":"http:\/\/elcensornoticias.com\/wp-content\/uploads\/2026\/04\/IMG-20260429-WA0063.jpg","jetpack_likes_enabled":true,"jetpack_sharing_enabled":true,"jetpack_shortlink":"https:\/\/wp.me\/p6xy50-eRU","_links":{"self":[{"href":"http:\/\/elcensornoticias.com\/index.php?rest_route=\/wp\/v2\/posts\/57158","targetHints":{"allow":["GET"]}}],"collection":[{"href":"http:\/\/elcensornoticias.com\/index.php?rest_route=\/wp\/v2\/posts"}],"about":[{"href":"http:\/\/elcensornoticias.com\/index.php?rest_route=\/wp\/v2\/types\/post"}],"author":[{"embeddable":true,"href":"http:\/\/elcensornoticias.com\/index.php?rest_route=\/wp\/v2\/users\/1"}],"replies":[{"embeddable":true,"href":"http:\/\/elcensornoticias.com\/index.php?rest_route=%2Fwp%2Fv2%2Fcomments&post=57158"}],"version-history":[{"count":1,"href":"http:\/\/elcensornoticias.com\/index.php?rest_route=\/wp\/v2\/posts\/57158\/revisions"}],"predecessor-version":[{"id":57160,"href":"http:\/\/elcensornoticias.com\/index.php?rest_route=\/wp\/v2\/posts\/57158\/revisions\/57160"}],"wp:featuredmedia":[{"embeddable":true,"href":"http:\/\/elcensornoticias.com\/index.php?rest_route=\/wp\/v2\/media\/57159"}],"wp:attachment":[{"href":"http:\/\/elcensornoticias.com\/index.php?rest_route=%2Fwp%2Fv2%2Fmedia&parent=57158"}],"wp:term":[{"taxonomy":"category","embeddable":true,"href":"http:\/\/elcensornoticias.com\/index.php?rest_route=%2Fwp%2Fv2%2Fcategories&post=57158"},{"taxonomy":"post_tag","embeddable":true,"href":"http:\/\/elcensornoticias.com\/index.php?rest_route=%2Fwp%2Fv2%2Ftags&post=57158"}],"curies":[{"name":"wp","href":"https:\/\/api.w.org\/{rel}","templated":true}]}}