{"id":57151,"date":"2026-04-29T23:20:40","date_gmt":"2026-04-29T23:20:40","guid":{"rendered":"http:\/\/elcensornoticias.com\/?p=57151"},"modified":"2026-04-29T23:20:57","modified_gmt":"2026-04-29T23:20:57","slug":"gana-tlaxcala-medalla-de-bronce-en-tiro-con-arco-de-la-olimpiada-nacional","status":"publish","type":"post","link":"http:\/\/elcensornoticias.com\/?p=57151","title":{"rendered":"GANA TLAXCALA MEDALLA DE BRONCE EN TIRO CON ARCO DE LA OLIMPIADA NACIONAL"},"content":{"rendered":"\n<p>Durante el primer d\u00eda de participaci\u00f3n, la entidad abri\u00f3 el medallero con Eder Kenneth V\u00e1zquez Marcial.<\/p>\n\n\n\n<p>El arquero tlaxcalteca Eder Kenneth V\u00e1zquez Marcial logr\u00f3 la medalla de bronce en tiro con arco, en la modalidad recurvo varonil sub 16, distancia 50 metros, como parte de la participaci\u00f3n de Tlaxcala en la justa deportiva, competencia realizada en la Ciudad Deportiva de Alto Rendimiento que re\u00fane a m\u00e1s de 700 deportistas.<\/p>\n\n\n\n<p>Con 324 puntos, el arquero local subi\u00f3 al podio, el primer lugar fue para el representante de Quintana Roo, Diego G\u00f3ngora Trujillo con 339 puntos, seguido del representante de Nuevo Le\u00f3n, Jes\u00fas Ramos con 331 puntos.<\/p>\n\n\n\n<p>Por otro lado, Santiago Quinti\u00e1n se ubic\u00f3 en la quinta posici\u00f3n general con 664 puntos en la modalidad compuesto Sub 18 varonil, a su vez Diego Paredes ocup\u00f3 la posici\u00f3n 20 general en la categor\u00eda Sub 18 varonil recurvo con 664 puntos, Steve Pich\u00f3n estuvo ranqueado en el lugar 31 con 517 puntos.&nbsp;<\/p>\n\n\n\n<p>En la rama femenil, Dafne Cuapio se coloc\u00f3 en el lugar 28 con 268 puntos en la categor\u00eda recurvo sub 16 femenil, asimismo en la sub 18 compuesto femenil, Sof\u00eda Francisco se mantuvo en la posici\u00f3n 19 con 314 puntos.<\/p>\n\n\n\n<p>Luis Eduardo V\u00e9lez, Secretario General de la World Archery Mexico, destac\u00f3 que la competencia del talento amateur es la antesala a eventos internacionales.<\/p>\n\n\n\n<p>En este sentido calific\u00f3 como positiva la primera jornada de tiro con arco y reconoci\u00f3 el desarrollo de la entidad.<\/p>\n\n\n\n<p>\u201cLa ubicaci\u00f3n estrat\u00e9gica de Tlaxcala&nbsp; para los estados del centro, se ha fortalecido en el tema de infraestructura deportiva, y muestra de ello es la sede, siempre que venimos nos encontramos con un pabell\u00f3n nuevo o el desarrollo de nuevas instalaciones dentro del complejo\u201d, concluy\u00f3.<\/p>\n","protected":false},"excerpt":{"rendered":"<p>Durante el primer d\u00eda de participaci\u00f3n, la entidad abri\u00f3 el medallero con Eder Kenneth V\u00e1zquez Marcial. El arquero tlaxcalteca Eder Kenneth V\u00e1zquez Marcial logr\u00f3 la medalla de bronce en tiro con arco, en la modalidad recurvo varonil sub 16, distancia 50 metros, como parte de la participaci\u00f3n de Tlaxcala en la justa deportiva, competencia realizada [&hellip;]<\/p>\n","protected":false},"author":1,"featured_media":57152,"comment_status":"open","ping_status":"open","sticky":false,"template":"","format":"standard","meta":{"advanced_seo_description":"","jetpack_seo_html_title":"","jetpack_seo_noindex":false,"footnotes":"","jetpack_publicize_message":"","jetpack_is_tweetstorm":false,"jetpack_publicize_feature_enabled":true,"jetpack_social_post_already_shared":true,"jetpack_social_options":{"image_generator_settings":{"template":"highway","enabled":false}}},"categories":[2,3],"tags":[],"class_list":["post-57151","post","type-post","status-publish","format-standard","has-post-thumbnail","hentry","category-destacadas","category-gobierno"],"jetpack_publicize_connections":[],"jetpack_featured_media_url":"http:\/\/elcensornoticias.com\/wp-content\/uploads\/2026\/04\/IMG-20260429-WA0039.jpg","jetpack_likes_enabled":true,"jetpack_sharing_enabled":true,"jetpack_shortlink":"https:\/\/wp.me\/p6xy50-eRN","_links":{"self":[{"href":"http:\/\/elcensornoticias.com\/index.php?rest_route=\/wp\/v2\/posts\/57151","targetHints":{"allow":["GET"]}}],"collection":[{"href":"http:\/\/elcensornoticias.com\/index.php?rest_route=\/wp\/v2\/posts"}],"about":[{"href":"http:\/\/elcensornoticias.com\/index.php?rest_route=\/wp\/v2\/types\/post"}],"author":[{"embeddable":true,"href":"http:\/\/elcensornoticias.com\/index.php?rest_route=\/wp\/v2\/users\/1"}],"replies":[{"embeddable":true,"href":"http:\/\/elcensornoticias.com\/index.php?rest_route=%2Fwp%2Fv2%2Fcomments&post=57151"}],"version-history":[{"count":1,"href":"http:\/\/elcensornoticias.com\/index.php?rest_route=\/wp\/v2\/posts\/57151\/revisions"}],"predecessor-version":[{"id":57153,"href":"http:\/\/elcensornoticias.com\/index.php?rest_route=\/wp\/v2\/posts\/57151\/revisions\/57153"}],"wp:featuredmedia":[{"embeddable":true,"href":"http:\/\/elcensornoticias.com\/index.php?rest_route=\/wp\/v2\/media\/57152"}],"wp:attachment":[{"href":"http:\/\/elcensornoticias.com\/index.php?rest_route=%2Fwp%2Fv2%2Fmedia&parent=57151"}],"wp:term":[{"taxonomy":"category","embeddable":true,"href":"http:\/\/elcensornoticias.com\/index.php?rest_route=%2Fwp%2Fv2%2Fcategories&post=57151"},{"taxonomy":"post_tag","embeddable":true,"href":"http:\/\/elcensornoticias.com\/index.php?rest_route=%2Fwp%2Fv2%2Ftags&post=57151"}],"curies":[{"name":"wp","href":"https:\/\/api.w.org\/{rel}","templated":true}]}}