{"id":57147,"date":"2026-04-29T23:18:21","date_gmt":"2026-04-29T23:18:21","guid":{"rendered":"http:\/\/elcensornoticias.com\/?p=57147"},"modified":"2026-04-29T23:19:03","modified_gmt":"2026-04-29T23:19:03","slug":"el-sentido-del-poder-es-servir-a-los-demas-gobernadora-a-integrantes-del-17-parlamento-infantil","status":"publish","type":"post","link":"http:\/\/elcensornoticias.com\/?p=57147","title":{"rendered":"\u201cEL SENTIDO DEL PODER ES SERVIR A LOS DEM\u00c1S\u201d: GOBERNADORA A INTEGRANTES DEL 17\u00b0 PARLAMENTO INFANTIL.\u00a0"},"content":{"rendered":"\n<p>\u2022Un total de 25 legisladores infantiles participan en un ejercicio que los acerca a la toma de decisiones p\u00fablicas y promueve liderazgo desde temprana edad.<\/p>\n\n\n\n<p>La gobernadora Lorena Cu\u00e9llar Cisneros recibi\u00f3 en Palacio de Gobierno a las 25 ni\u00f1as y ni\u00f1os que integran el D\u00e9cimo S\u00e9ptimo Parlamento Infantil, un ejercicio que acerca a las infancias a la toma de decisiones p\u00fablicas y fortalece la participaci\u00f3n ciudadana en la construcci\u00f3n de propuestas para mejorar su entorno desde temprana edad.&nbsp;<\/p>\n\n\n\n<p>Desde el Sal\u00f3n Rojo, la mandataria estatal invit\u00f3 a las y los legisladores infantiles a entender c\u00f3mo se construyen las leyes para transformar la realidad de sus comunidades.&nbsp;<\/p>\n\n\n\n<p>\u201cQuien aprende a escribir una ley, descubre que tiene en sus manos la posibilidad de borrar la injusticia\u201d, afirm\u00f3.<\/p>\n\n\n\n<p>Cu\u00e9llar Cisneros subray\u00f3 que el poder p\u00fablico no se define por la autoridad, sino por el servicio, y destac\u00f3 que las leyes son herramientas para construir paz y armon\u00eda social.&nbsp;<\/p>\n\n\n\n<p>En ese sentido, convoc\u00f3 a las y los legisladores infantiles a ejercer su voz para defender derechos, promover la igualdad y participar sin miedo en los asuntos que impactan su entorno.<\/p>\n\n\n\n<p>La gobernadora reconoci\u00f3 a quienes integran este Parlamento como una generaci\u00f3n que decidi\u00f3 no ser invisible, al destacar que su participaci\u00f3n responde a una convicci\u00f3n temprana por incidir en su comunidad. \u201cLa edad no define la capacidad de transformar, sino el compromiso con los dem\u00e1s\u201d, enfatiz\u00f3.<\/p>\n\n\n\n<p>En un mensaje, evoc\u00f3 el legado de Tlaxcala como tierra de guerreros y constructores de historia, al se\u00f1alar que las nuevas generaciones son herederas de una tradici\u00f3n de lucha, creatividad y aportaciones culturales que han trascendido fronteras.&nbsp;<\/p>\n\n\n\n<p>\u201cUstedes son la continuaci\u00f3n de esa historia y tienen la responsabilidad de hacer las cosas con excelencia en todo lo que emprendan\u201d, expres\u00f3.<\/p>\n\n\n\n<p>En su intervenci\u00f3n, el diputado H\u00e9ctor Ortiz Ortiz, presidente de la Comisi\u00f3n de Educaci\u00f3n, Cultura, Ciencia y Tecnolog\u00eda, se\u00f1al\u00f3 que este ejercicio funciona como un entrenamiento intelectual que fomenta la autonom\u00eda y pensamiento cr\u00edtico, y adelant\u00f3 que impulsar\u00e1 una iniciativa para crear un fondo dirigido a ni\u00f1as y ni\u00f1os con aptitudes sobresalientes.<\/p>\n\n\n\n<p>A nombre del Parlamento Infantil, Roy Pluma Angulo destac\u00f3 que este tipo de espacios permite a las infancias acercarse al funcionamiento del poder p\u00fablico, opinar con libertad y proponer soluciones a problem\u00e1ticas que identifican en su vida cotidiana.<\/p>\n\n\n\n<p>Durante el evento, la gobernadora entreg\u00f3 reconocimientos y est\u00edmulos a los integrantes del Parlamento Infantil, que se consolida como una iniciativa donde la ni\u00f1ez tlaxcalteca comienza a ejercer ciudadan\u00eda desde el presente, con la certeza de que su voz puede incidir en la construcci\u00f3n de una sociedad m\u00e1s justa.<\/p>\n","protected":false},"excerpt":{"rendered":"<p>\u2022Un total de 25 legisladores infantiles participan en un ejercicio que los acerca a la toma de decisiones p\u00fablicas y promueve liderazgo desde temprana edad. La gobernadora Lorena Cu\u00e9llar Cisneros recibi\u00f3 en Palacio de Gobierno a las 25 ni\u00f1as y ni\u00f1os que integran el D\u00e9cimo S\u00e9ptimo Parlamento Infantil, un ejercicio que acerca a las infancias [&hellip;]<\/p>\n","protected":false},"author":1,"featured_media":57148,"comment_status":"open","ping_status":"open","sticky":false,"template":"","format":"standard","meta":{"advanced_seo_description":"","jetpack_seo_html_title":"","jetpack_seo_noindex":false,"footnotes":"","jetpack_publicize_message":"","jetpack_is_tweetstorm":false,"jetpack_publicize_feature_enabled":true,"jetpack_social_post_already_shared":true,"jetpack_social_options":{"image_generator_settings":{"template":"highway","enabled":false}}},"categories":[5,3],"tags":[],"class_list":["post-57147","post","type-post","status-publish","format-standard","has-post-thumbnail","hentry","category-carrucel","category-gobierno"],"jetpack_publicize_connections":[],"jetpack_featured_media_url":"http:\/\/elcensornoticias.com\/wp-content\/uploads\/2026\/04\/IMG-20260429-WA0018-scaled.jpg","jetpack_likes_enabled":true,"jetpack_sharing_enabled":true,"jetpack_shortlink":"https:\/\/wp.me\/p6xy50-eRJ","_links":{"self":[{"href":"http:\/\/elcensornoticias.com\/index.php?rest_route=\/wp\/v2\/posts\/57147","targetHints":{"allow":["GET"]}}],"collection":[{"href":"http:\/\/elcensornoticias.com\/index.php?rest_route=\/wp\/v2\/posts"}],"about":[{"href":"http:\/\/elcensornoticias.com\/index.php?rest_route=\/wp\/v2\/types\/post"}],"author":[{"embeddable":true,"href":"http:\/\/elcensornoticias.com\/index.php?rest_route=\/wp\/v2\/users\/1"}],"replies":[{"embeddable":true,"href":"http:\/\/elcensornoticias.com\/index.php?rest_route=%2Fwp%2Fv2%2Fcomments&post=57147"}],"version-history":[{"count":1,"href":"http:\/\/elcensornoticias.com\/index.php?rest_route=\/wp\/v2\/posts\/57147\/revisions"}],"predecessor-version":[{"id":57149,"href":"http:\/\/elcensornoticias.com\/index.php?rest_route=\/wp\/v2\/posts\/57147\/revisions\/57149"}],"wp:featuredmedia":[{"embeddable":true,"href":"http:\/\/elcensornoticias.com\/index.php?rest_route=\/wp\/v2\/media\/57148"}],"wp:attachment":[{"href":"http:\/\/elcensornoticias.com\/index.php?rest_route=%2Fwp%2Fv2%2Fmedia&parent=57147"}],"wp:term":[{"taxonomy":"category","embeddable":true,"href":"http:\/\/elcensornoticias.com\/index.php?rest_route=%2Fwp%2Fv2%2Fcategories&post=57147"},{"taxonomy":"post_tag","embeddable":true,"href":"http:\/\/elcensornoticias.com\/index.php?rest_route=%2Fwp%2Fv2%2Ftags&post=57147"}],"curies":[{"name":"wp","href":"https:\/\/api.w.org\/{rel}","templated":true}]}}