{"id":57132,"date":"2026-04-29T22:55:49","date_gmt":"2026-04-29T22:55:49","guid":{"rendered":"http:\/\/elcensornoticias.com\/?p=57132"},"modified":"2026-04-29T22:55:51","modified_gmt":"2026-04-29T22:55:51","slug":"festejos-por-el-dia-internacional-de-la-danza","status":"publish","type":"post","link":"http:\/\/elcensornoticias.com\/?p=57132","title":{"rendered":"FESTEJOS POR EL D\u00cdA INTERNACIONAL DE LA DANZA"},"content":{"rendered":"\n<ul class=\"wp-block-list\">\n<li>En el Centro Cultural Tijuana se tienen las \u00faltimas presentaciones de la XXVII Muestra Internacional de Danza \/ Tijuana Cuerpos en Tr\u00e1nsito 2026\u00a0<\/li>\n\n\n\n<li>Infancias y juventudes de los Semilleros Creativos en Ciudad de M\u00e9xico, Guerrero, Oaxaca, Sonora y Zacatecas tendr\u00e1n diversas presentaciones de bailes regionales y talleres\u00a0<\/li>\n\n\n\n<li>El Palacio de Bellas Artes tiene en cartelera diversas presentaciones\u00a0<\/li>\n<\/ul>\n\n\n\n<p>La Secretar\u00eda de Cultura del Gobierno de M\u00e9xico contin\u00faa con las celebraciones en torno al D\u00eda Internacional de la Danza (29 de abril), una oportunidad para fomentar el di\u00e1logo entre creadoras y creadores y sus p\u00fablicos, as\u00ed como para enriquecer con experimentaci\u00f3n, pr\u00e1ctica y eventos comunitarios dicha disciplina.<\/p>\n\n\n\n<p>Al respecto, la secretaria de Cultura del Gobierno de M\u00e9xico, Claudia Curiel de Icaza, destac\u00f3 que las actividades desplegadas en distintos puntos del pa\u00eds forman parte de una pol\u00edtica cultural que impulsa la circulaci\u00f3n art\u00edstica, la creaci\u00f3n de p\u00fablicos y el ejercicio efectivo de los derechos culturales.<\/p>\n\n\n\n<p>\u201cLa danza permite encontrarnos desde el cuerpo, la memoria y la imaginaci\u00f3n. Con estas actividades, ampliamos el acceso a las expresiones art\u00edsticas, fortalecemos la circulaci\u00f3n de creadoras y creadores, y acercamos a infancias y juventudes a experiencias que construyen p\u00fablicos, comunidad y cultura de paz\u201d, se\u00f1al\u00f3.<\/p>\n\n\n\n<p>Como parte de la XXVII Muestra Internacional de Danza \/ Tijuana Cuerpos en Tr\u00e1nsito 2026&nbsp;que tiene lugar en el Centro Cultural Tijuana (Cecut), el mi\u00e9rcoles 29 de abril la compa\u00f1\u00eda Kintsugi Teatro \u2013 Danza ofrece una Danza Site Specific, mientras que el artista colombiano Vladimir Rodr\u00edguez se presentar\u00e1 con la pieza&nbsp;<em>Toc<\/em>, y el jueves 30 de abril la Danza Site Specific estar\u00e1 Racso Sami Cabrera Hern\u00e1ndez, y la Compa\u00f1\u00eda Primera Generaci\u00f3n Dance Collective.<\/p>\n\n\n\n<p>En la capital del pa\u00eds, el Palacio de Bellas Artes recibe el 29 de abril a las 20 h la coreograf\u00eda&nbsp;<em>El Mandar\u00edn Milagroso<\/em>, propuesta de Duane Cochran, inspirada en la obra de Melchior Lengyel. En la presentaci\u00f3n, la narrativa se traslada al emblem\u00e1tico barrio de Tepito, por lo que el movimiento y la m\u00fasica del compositor h\u00fangaro B\u00e9la Bart\u00f3k se articulan para reflexionar sobre el deseo y la redenci\u00f3n desde una perspectiva contempor\u00e1nea.<\/p>\n\n\n\n<p>Sigue en cartelera, tambi\u00e9n en el Palacio de Bellas Artes&nbsp;<em>El amor brujo | La vida breve<\/em>, una propuesta esc\u00e9nica que integra danza, canto y m\u00fasica en un mismo universo dram\u00e1tico. Son dos historias que transitan entre amores y traiciones, enmarcadas por la fusi\u00f3n de m\u00fasica cl\u00e1sica y las ra\u00edces del flamenco.&nbsp;<\/p>\n\n\n\n<p>Obras emblem\u00e1ticas del compositor espa\u00f1ol Manuel de Falla (1876-1946), las piezas se unen en un programa \u00fanico que ofrece una experiencia esc\u00e9nica, musical y coreogr\u00e1fica que transita entre el desamor y lo sobrenatural. Las funciones son el martes 28 de abril a las 20 h, el jueves 30 de abril a las 20 h; domingo 3 de mayo a las 17 h, y jueves 7 de mayo a las 20 h.<\/p>\n\n\n\n<p>Hoy, a las 19 h, el Pabell\u00f3n Esc\u00e9nico del Jard\u00edn Esc\u00e9nico se convierte en epicentro de la danza con la Gala Contempor\u00e1nea, programa danc\u00edstico que re\u00fane cinco piezas, surgidas del talento nacional e internacional, un enfoque que combina innovaci\u00f3n, preservaci\u00f3n y colaboraci\u00f3n en el arte danc\u00edstico.&nbsp;&nbsp;<\/p>\n\n\n\n<p>La gala empieza con&nbsp;<em>D\u00e9j\u00e0,<\/em>&nbsp;de Edgar Zendejas, una obra que interroga la noci\u00f3n de autor\u00eda; sigue&nbsp;<em>Love, Fear, Loss<\/em>, del brasile\u00f1o Ricardo Amarante, que toma la vida y la m\u00fasica de \u00c9dith Piaf como materia prima para explorar la p\u00e9rdida.&nbsp;<\/p>\n\n\n\n<p>Contin\u00faa&nbsp;<em>Serendipia<\/em>, de Michele Cutri, entreteje Bach, Vivaldi y poes\u00eda para explorar lo que pudo ser y no fue. Sigue&nbsp;<em>Underground<\/em>, de Jacqueline L\u00f3pez, lleva al extremo la pregunta por la supervivencia, y cierra&nbsp;<em>V\u00e9rtigo<\/em>, de Sonia Jim\u00e9nez, quiz\u00e1 la pieza m\u00e1s \u00edntima y, a la vez, la m\u00e1s coral.&nbsp;<\/p>\n\n\n\n<p>Los Semilleros Creativos y de Paz, de la Direcci\u00f3n General de Vinculaci\u00f3n Cultural (DGVC) de la Secretar\u00eda de Cultura del Gobierno de M\u00e9xico, se unen a las celebraciones del D\u00eda Internacional de la Danza en diversos estados, con actividades abiertas al p\u00fablico.<\/p>\n\n\n\n<p>Por ejemplo, en Guerrero, el&nbsp;28 de abril, el Semillero Creativo de Pintura y Muralismo en Xochistlahuaca realiza una charla y demostraci\u00f3n danc\u00edstica de bailes regionales a partir de las 16 h en el Auditorio M\u00e1ximo G\u00f3mez.<\/p>\n\n\n\n<p>En Zacatecas, tambi\u00e9n el martes 28 de abril, el Semillero Creativo de Danza Folkl\u00f3rica en Pinos presenta a las 18 h en el Foro Cultural Monumento a Hidalgo el montaje&nbsp;<em>La c\u00e1psula del tiempo<\/em>, y el Semillero de Paz de Danza en Tijuana ofrece a las 18 h la presentaci\u00f3n esc\u00e9nica&nbsp;<em>Danzar para sonre\u00edr<\/em>&nbsp;en el Centro Comunitario Altiplano.&nbsp;<\/p>\n\n\n\n<p>El mi\u00e9rcoles 29 a las 17 h se lleva a cabo una muestra de bailes regionales por parte del Semillero Creativo de Danza Regional en Guaymas en la Cancha de usos m\u00faltiples de Pitahaya en Sonora. El mismo d\u00eda, en la Escuela Secundaria Federal N\u00famero 1 Benito Ju\u00e1rez de Empalme, Sonora, se presentan a las 11 h una serie de coreograf\u00edas inspiradas en la memoria de la comunidad por parte del Semillero Creativo de Danza Urbana en Empalme.<\/p>\n\n\n\n<p>Mientras que en Hermosillo el Semillero Creativo de Cultura Comca&#8217;ac ofrece la pieza Danza Tradicional para la paz de la comunidad, que tendr\u00e1 lugar en el Centro de Cultura Coyote Iguana&nbsp;a las 14 h. Tambi\u00e9n, el mi\u00e9rcoles 29, la danza de las comunidades afromexicanas y se hace presente en el estado de Oaxaca gracias al&nbsp;Semillero Creativo de Danza Afro en El Barrio de la Soledad, con un taller abierto titulado, \u00abSiente el Ritmo\u00bb, con el objetivo de acercar a la comunidad a la riqueza hist\u00f3rica y expresiva de la disciplina.&nbsp;<\/p>\n\n\n\n<p>En la Ciudad de M\u00e9xico, el mismo mi\u00e9rcoles 29 de 12 a 15 h, se realiza una jornada de celebraci\u00f3n en la Ex F\u00e1brica de P\u00f3lvora en la que las maestras Roc\u00edo Carmona Pineda y el maestro Jos\u00e9 Luis Araiza Ugalde dar\u00e1n un taller de biodanza, y estudiantes de la Escuela Nacional de Danza Nellie y Gloria Campobello presentar\u00e1n pr\u00e1cticas esc\u00e9nicas.&nbsp;<\/p>\n\n\n\n<p>Para conocer los detalles de los eventos y actividades se puede consultar la cartelera en&nbsp;<a href=\"http:\/\/mexicoescultura.com\/\" target=\"_blank\" rel=\"noreferrer noopener\"><u>mexicoescultura.com<\/u><\/a><\/p>\n\n\n\n<p>Sigue las redes sociales de la Secretar\u00eda de Cultura en X (@cultura_mx), Facebook(\/SecretariaCulturaMX) e Instagram (@culturamx).&nbsp;<\/p>\n","protected":false},"excerpt":{"rendered":"<p>La Secretar\u00eda de Cultura del Gobierno de M\u00e9xico contin\u00faa con las celebraciones en torno al D\u00eda Internacional de la Danza (29 de abril), una oportunidad para fomentar el di\u00e1logo entre creadoras y creadores y sus p\u00fablicos, as\u00ed como para enriquecer con experimentaci\u00f3n, pr\u00e1ctica y eventos comunitarios dicha disciplina. Al respecto, la secretaria de Cultura del [&hellip;]<\/p>\n","protected":false},"author":1,"featured_media":57133,"comment_status":"open","ping_status":"open","sticky":false,"template":"","format":"standard","meta":{"advanced_seo_description":"","jetpack_seo_html_title":"","jetpack_seo_noindex":false,"footnotes":"","jetpack_publicize_message":"","jetpack_is_tweetstorm":false,"jetpack_publicize_feature_enabled":true,"jetpack_social_post_already_shared":true,"jetpack_social_options":{"image_generator_settings":{"template":"highway","enabled":false}}},"categories":[26,4],"tags":[],"class_list":["post-57132","post","type-post","status-publish","format-standard","has-post-thumbnail","hentry","category-cultura","category-noticias"],"jetpack_publicize_connections":[],"jetpack_featured_media_url":"http:\/\/elcensornoticias.com\/wp-content\/uploads\/2026\/04\/Dia-de-la-danza-Semilleros-Creativos_Foto-Cortesia-3-1.jpg","jetpack_likes_enabled":true,"jetpack_sharing_enabled":true,"jetpack_shortlink":"https:\/\/wp.me\/p6xy50-eRu","_links":{"self":[{"href":"http:\/\/elcensornoticias.com\/index.php?rest_route=\/wp\/v2\/posts\/57132","targetHints":{"allow":["GET"]}}],"collection":[{"href":"http:\/\/elcensornoticias.com\/index.php?rest_route=\/wp\/v2\/posts"}],"about":[{"href":"http:\/\/elcensornoticias.com\/index.php?rest_route=\/wp\/v2\/types\/post"}],"author":[{"embeddable":true,"href":"http:\/\/elcensornoticias.com\/index.php?rest_route=\/wp\/v2\/users\/1"}],"replies":[{"embeddable":true,"href":"http:\/\/elcensornoticias.com\/index.php?rest_route=%2Fwp%2Fv2%2Fcomments&post=57132"}],"version-history":[{"count":1,"href":"http:\/\/elcensornoticias.com\/index.php?rest_route=\/wp\/v2\/posts\/57132\/revisions"}],"predecessor-version":[{"id":57134,"href":"http:\/\/elcensornoticias.com\/index.php?rest_route=\/wp\/v2\/posts\/57132\/revisions\/57134"}],"wp:featuredmedia":[{"embeddable":true,"href":"http:\/\/elcensornoticias.com\/index.php?rest_route=\/wp\/v2\/media\/57133"}],"wp:attachment":[{"href":"http:\/\/elcensornoticias.com\/index.php?rest_route=%2Fwp%2Fv2%2Fmedia&parent=57132"}],"wp:term":[{"taxonomy":"category","embeddable":true,"href":"http:\/\/elcensornoticias.com\/index.php?rest_route=%2Fwp%2Fv2%2Fcategories&post=57132"},{"taxonomy":"post_tag","embeddable":true,"href":"http:\/\/elcensornoticias.com\/index.php?rest_route=%2Fwp%2Fv2%2Ftags&post=57132"}],"curies":[{"name":"wp","href":"https:\/\/api.w.org\/{rel}","templated":true}]}}