{"id":55565,"date":"2025-12-04T00:45:55","date_gmt":"2025-12-04T00:45:55","guid":{"rendered":"http:\/\/elcensornoticias.com\/?p=55565"},"modified":"2025-12-04T00:46:24","modified_gmt":"2025-12-04T00:46:24","slug":"ciclo-especial-a-arturo-ripstein","status":"publish","type":"post","link":"http:\/\/elcensornoticias.com\/?p=55565","title":{"rendered":"CICLO ESPECIAL A ARTURO RIPSTEIN"},"content":{"rendered":"\n<ul class=\"wp-block-list\">\n<li><strong>En colaboraci\u00f3n con IMCINE, Canal Veintid\u00f3s transmitir\u00e1 tres largometrajes del director Arturo Ripstein en el marco de su nacimiento<\/strong><\/li>\n\n\n\n<li><strong>Transmisi\u00f3n: todos los jueves, a partir del 4 de diciembre, a las 23:00 horas, por la se\u00f1al 22.1<\/strong><\/li>\n<\/ul>\n\n\n\n<p>Ciudad de M\u00e9xico, a 3 de diciembre de 2025. Como parte de una colaboraci\u00f3n con el&nbsp;<strong>Instituto Mexicano de Cinematograf\u00eda (IMCINE), Canal Veintid\u00f3s<\/strong>&nbsp;prepara el&nbsp;<strong>Ciclo: Arturo Ripstein<\/strong>, en el marco de la celebraci\u00f3n del octog\u00e9simo segundo cumplea\u00f1os del cineasta mexicano.<\/p>\n\n\n\n<p><strong>Promocional&nbsp;<\/strong><strong><em><a rel=\"noreferrer noopener\" target=\"_blank\" href=\"https:\/\/www.youtube.com\/watch?v=6RfRvOR7gCE\">Ciclo Arturo Ripstein: El santo oficio<\/a><\/em><\/strong><\/p>\n\n\n\n<p>El ciclo dar\u00e1 inicio el&nbsp;<strong>jueves 4 de diciembre, a las 23:00 horas<\/strong>, con el largometraje,&nbsp;<strong><em>El santo oficio&nbsp;<\/em>(1974)<\/strong>, cuyo guion fue realizado en colaboraci\u00f3n con Jos\u00e9 Emilio Pacheco. Esta cinta describe c\u00f3mo un sacerdote dominico denuncia a su familia al enterarse que siguen en secreto los ritos jud\u00edos. Dicha denuncia es suficiente para que la Santa Inquisici\u00f3n secuestre, torture e incaute los bienes de la familia. Con este filme, basado en hechos y documentos reales, Ripstein particip\u00f3 en el Festival de Cannes en 1973.<\/p>\n\n\n\n<p>El ciclo contin\u00faa el&nbsp;<strong>jueves 11<\/strong>&nbsp;<strong>a la medianoche<\/strong>&nbsp;con la pel\u00edcula&nbsp;<strong><em>La viuda negra&nbsp;<\/em>(1977),&nbsp;<\/strong>que relata la historia de un peque\u00f1o pueblo mexicano, donde la hu\u00e9rfana Matea es ayudante del p\u00e1rroco. Cuando el m\u00e9dico del pueblo no logra seducirla, la difama diciendo que est\u00e1 envuelta en una relaci\u00f3n con el cura, lo que desencadena el rechazo del pueblo y el surgimiento de una apasionada historia de amor.<\/p>\n\n\n\n<p>El ciclo finalizar\u00e1 el&nbsp;<strong>jueves 18 de diciembre<\/strong>,&nbsp;<strong>a las 23:00 horas<\/strong>, con&nbsp;<strong><em>La perdici\u00f3n de los hombres<\/em><\/strong>&nbsp;<strong>(2000),<\/strong>&nbsp;una pel\u00edcula de comedia negra surrealista en la cual un jornalero aficionado al b\u00e9isbol es asesinado cuando alguien intenta robarle sus botas. Su viuda buscar\u00e1 a los responsables. La cinta gan\u00f3 la prestigiosa&nbsp;<strong>Concha de Oro en la 48\u00ba Edici\u00f3n del Festival de San Sebasti\u00e1n.<\/strong><\/p>\n\n\n\n<p>Arturo Ripstein debut\u00f3 como director con el filme&nbsp;<em>Tiempo de morir<\/em>&nbsp;(1965)<strong>,<\/strong>&nbsp;basado en un guion de Gabriel Garc\u00eda M\u00e1rquez. Previamente realiz\u00f3 estudios de Leyes en la Facultad de Derecho en la Universidad Nacional Aut\u00f3noma de M\u00e9xico (UNAM), Historia en el Colegio de M\u00e9xico (COLMEX) e Historia del Arte en la Universidad Iberoamericana. Durante la d\u00e9cada de los setenta, Arturo Ripstein Rosen se consolid\u00f3 como director e inici\u00f3 una de las etapas m\u00e1s fruct\u00edferas de su carrera con cortometrajes como&nbsp;<em>La belleza<\/em>,&nbsp;<em>Exorcismos<\/em>,&nbsp;<em>Crimen<\/em>&nbsp;y&nbsp;<em>Autobiograf\u00eda,&nbsp;<\/em>adem\u00e1s del largometraje&nbsp;<em>El santo oficio&nbsp;<\/em>(1973).<\/p>\n\n\n\n<p>La audiencia podr\u00e1 disfrutar el&nbsp;<strong>Ciclo: Arturo Ripstein<\/strong>&nbsp;todos los jueves, a partir del&nbsp;<strong>4 de diciembre, a las 23: 00 horas<\/strong>, por la&nbsp;<strong>se\u00f1al 22.1 y en&nbsp;<\/strong><strong><em><a rel=\"noreferrer noopener\" target=\"_blank\" href=\"https:\/\/www.canal22.org.mx\/\">streaming<\/a><\/em><\/strong><strong>&nbsp;a trav\u00e9s del portal de la televisora.<\/strong><\/p>\n","protected":false},"excerpt":{"rendered":"<p>Ciudad de M\u00e9xico, a 3 de diciembre de 2025. Como parte de una colaboraci\u00f3n con el&nbsp;Instituto Mexicano de Cinematograf\u00eda (IMCINE), Canal Veintid\u00f3s&nbsp;prepara el&nbsp;Ciclo: Arturo Ripstein, en el marco de la celebraci\u00f3n del octog\u00e9simo segundo cumplea\u00f1os del cineasta mexicano. Promocional&nbsp;Ciclo Arturo Ripstein: El santo oficio El ciclo dar\u00e1 inicio el&nbsp;jueves 4 de diciembre, a las 23:00 [&hellip;]<\/p>\n","protected":false},"author":1,"featured_media":55566,"comment_status":"open","ping_status":"open","sticky":false,"template":"","format":"standard","meta":{"advanced_seo_description":"","jetpack_seo_html_title":"","jetpack_seo_noindex":false,"footnotes":"","jetpack_publicize_message":"","jetpack_is_tweetstorm":false,"jetpack_publicize_feature_enabled":true,"jetpack_social_post_already_shared":true,"jetpack_social_options":{"image_generator_settings":{"template":"highway","enabled":false}}},"categories":[26],"tags":[],"class_list":["post-55565","post","type-post","status-publish","format-standard","has-post-thumbnail","hentry","category-cultura"],"jetpack_publicize_connections":[],"jetpack_featured_media_url":"http:\/\/elcensornoticias.com\/wp-content\/uploads\/2025\/12\/Ciclo-Arturo-Ripstein.jpeg","jetpack_likes_enabled":true,"jetpack_sharing_enabled":true,"jetpack_shortlink":"https:\/\/wp.me\/p6xy50-esd","_links":{"self":[{"href":"http:\/\/elcensornoticias.com\/index.php?rest_route=\/wp\/v2\/posts\/55565","targetHints":{"allow":["GET"]}}],"collection":[{"href":"http:\/\/elcensornoticias.com\/index.php?rest_route=\/wp\/v2\/posts"}],"about":[{"href":"http:\/\/elcensornoticias.com\/index.php?rest_route=\/wp\/v2\/types\/post"}],"author":[{"embeddable":true,"href":"http:\/\/elcensornoticias.com\/index.php?rest_route=\/wp\/v2\/users\/1"}],"replies":[{"embeddable":true,"href":"http:\/\/elcensornoticias.com\/index.php?rest_route=%2Fwp%2Fv2%2Fcomments&post=55565"}],"version-history":[{"count":1,"href":"http:\/\/elcensornoticias.com\/index.php?rest_route=\/wp\/v2\/posts\/55565\/revisions"}],"predecessor-version":[{"id":55567,"href":"http:\/\/elcensornoticias.com\/index.php?rest_route=\/wp\/v2\/posts\/55565\/revisions\/55567"}],"wp:featuredmedia":[{"embeddable":true,"href":"http:\/\/elcensornoticias.com\/index.php?rest_route=\/wp\/v2\/media\/55566"}],"wp:attachment":[{"href":"http:\/\/elcensornoticias.com\/index.php?rest_route=%2Fwp%2Fv2%2Fmedia&parent=55565"}],"wp:term":[{"taxonomy":"category","embeddable":true,"href":"http:\/\/elcensornoticias.com\/index.php?rest_route=%2Fwp%2Fv2%2Fcategories&post=55565"},{"taxonomy":"post_tag","embeddable":true,"href":"http:\/\/elcensornoticias.com\/index.php?rest_route=%2Fwp%2Fv2%2Ftags&post=55565"}],"curies":[{"name":"wp","href":"https:\/\/api.w.org\/{rel}","templated":true}]}}