{"id":55490,"date":"2025-11-27T02:03:52","date_gmt":"2025-11-27T02:03:52","guid":{"rendered":"http:\/\/elcensornoticias.com\/?p=55490"},"modified":"2025-11-27T02:04:05","modified_gmt":"2025-11-27T02:04:05","slug":"tres-anos-de-difundir-patrimonio-audiovisual-mexicano-e-iberoamericano","status":"publish","type":"post","link":"http:\/\/elcensornoticias.com\/?p=55490","title":{"rendered":"TRES A\u00d1OS DE DIFUNDIR PATRIMONIO AUDIOVISUAL MEXICANO E IBEROAMERICANO"},"content":{"rendered":"\n<ul class=\"wp-block-list\">\n<li><strong>La se\u00f1al 22.2 de Canal Veintid\u00f3s conmemora su tercer aniversario con nueva imagen y una programaci\u00f3n que refleja su labor en la exhibici\u00f3n y reflexi\u00f3n del cine nacional<\/strong><\/li>\n\n\n\n<li><strong>Transmisi\u00f3n: viernes 28 de noviembre, a partir de las 12:30 horas, por la se\u00f1al 22.2<\/strong><\/li>\n<\/ul>\n\n\n\n<p>Ciudad de M\u00e9xico, a 26 de noviembre de 2025.&nbsp;<strong>MX Nuestro Cine&nbsp;<\/strong>celebra su tercer aniversario el&nbsp;<strong>28 de noviembre de 2025,<\/strong>&nbsp;consolid\u00e1ndose como un espacio para la exhibici\u00f3n, y reflexi\u00f3n del cine mexicano. Desde el inicio de sus transmisiones en 2022, el canal ha comunicado el valor de las obras cinematogr\u00e1ficas nacionales e iberoamericanas como patrimonio audiovisual y reflejo de nuestra diversidad cultural.<\/p>\n\n\n\n<p>A lo largo de estos tres a\u00f1os,&nbsp;<strong>la se\u00f1al 22.2<\/strong>&nbsp;ha construido una red de colaboraci\u00f3n con instituciones culturales, acervos, escuelas de cine, festivales internacionales, productoras y distribuidoras especializadas, as\u00ed como colectivos y creadores independientes que, con su trabajo, han contribuido a enriquecer su programaci\u00f3n y la memoria audiovisual. Adem\u00e1s, estas alianzas han permitido mostrar la cinematograf\u00eda de diversas regiones del pa\u00eds, desde el norte hasta el sur mexicano, as\u00ed como otras latitudes a trav\u00e9s del cine iberoamericano.<\/p>\n\n\n\n<p>Con el apoyo de grandes colaboradores, el canal ha transmitido anualmente m\u00e1s de 1,300 contenidos cinematogr\u00e1ficos, entre los que se ha priorizado el cine documental, ya que es una herramienta de identificaci\u00f3n para las audiencias, y ha complementado con ficci\u00f3n, que refuerza la identidad nacional y regional.<\/p>\n\n\n\n<p>Como parte de este compromiso, se han presentado diversos materiales in\u00e9ditos, restaurados y digitalizados para su estreno en televisi\u00f3n, entre los que se encuentra&nbsp;<strong><em>Historia de un documento<\/em><\/strong>&nbsp;de&nbsp;<strong>\u00d3scar Men\u00e9ndez<\/strong>; este material fue rescatado por los esfuerzos de gesti\u00f3n del&nbsp;<strong>Archivo digital Naranjas de Hiroshima<\/strong>&nbsp;y digitalizado en alta calidad por&nbsp;<strong>Estudios Churubusco<\/strong>&nbsp;a partir de la \u00fanica copia de la&nbsp;<strong>Cineteca Nacional<\/strong>. Asimismo,&nbsp;<strong><em>El Ed\u00e9n bajo el fusil<\/em><\/strong>&nbsp;de&nbsp;<strong>Salvador D\u00edaz<\/strong>, fue otro de los materiales que present\u00f3 un registro hist\u00f3rico digitalizado por la&nbsp;<strong>ENAC-UNAM<\/strong>. La programaci\u00f3n tambi\u00e9n se ha enriquecido con ciclos tem\u00e1ticos sobre historia cinematogr\u00e1fica, retrospectivas de cineastas, programas sobre movimientos sociales y expresiones culturales diversas, adem\u00e1s de producciones realizadas en los principales estudios cinematogr\u00e1ficos del pa\u00eds.<\/p>\n\n\n\n<p>La programaci\u00f3n de esta celebraci\u00f3n contar\u00e1 con cortometrajes de los&nbsp;<strong>Semilleros Creativos<\/strong>, como&nbsp;<em>Del cart\u00f3n a la m\u00fasica<\/em>&nbsp;y&nbsp;<em>El camino del arte<\/em>; del&nbsp;<strong>Taller Ambulante<\/strong>&nbsp;como&nbsp;<em>Volar para trascender<\/em>&nbsp;y&nbsp;<em>Conexi\u00f3n interrumpida<\/em>&nbsp;y de los archivos f\u00edlmicos del&nbsp;<strong>Instituto Nacional de los Pueblos Ind\u00edgenas<\/strong>&nbsp;(INPI), como&nbsp;<em>Tejiendo mar y viento<\/em>; as\u00ed como documentales del&nbsp;<strong>Centro de Capacitaci\u00f3n Cinematogr\u00e1fica<\/strong>&nbsp;(CCC) como&nbsp;<em>El lugar m\u00e1s peque\u00f1o<\/em>&nbsp;y la productora&nbsp;<strong>Pimienta Films<\/strong>, con&nbsp;<em>Un lugar llamado m\u00fasica<\/em>, por mencionar algunos.<\/p>\n\n\n\n<p><strong>Promocional&nbsp;<\/strong><strong><em><u><a rel=\"noreferrer noopener\" target=\"_blank\" href=\"https:\/\/youtu.be\/d3VLelvAjws?si=OUiFedzW5rrjBWzE\">Programaci\u00f3n 3 a\u00f1os de MX Nuestro Cine<\/a><\/u><\/em><\/strong><\/p>\n\n\n\n<p>Esta programaci\u00f3n refrenda el compromiso de&nbsp;<strong>MX Nuestro Cine<\/strong>&nbsp;por mantener siempre abiertas las ventanas a la difusi\u00f3n del cine mexicano e iberoamericano, democratizando el acceso a las diversas expresiones cinematogr\u00e1ficas y funcionando como plataforma incluyente para las m\u00faltiples voces del quehacer f\u00edlmico que llega a todo el territorio nacional a trav\u00e9s de la televisi\u00f3n abierta.<\/p>\n\n\n\n<p>En este marco,<strong>&nbsp;MX Nuestro Cine<\/strong>&nbsp;extiende un agradecimiento a las audiencias, realizadores, productores, distribuidores, instituciones, colectivos, organizaciones independientes, escuelas, acervos, muestras, festivales, cineclubes y a todos sus colaboradores que han hecho posible este proyecto. El canal continuar\u00e1 trabajando para ser un espacio de exhibici\u00f3n que acerque el patrimonio audiovisual a todos los mexicanos. La programaci\u00f3n estar\u00e1 disponible en la&nbsp;<strong>se\u00f1al 22.2<\/strong>&nbsp;y a trav\u00e9s de&nbsp;<strong><em><u><a rel=\"noreferrer noopener\" target=\"_blank\" href=\"https:\/\/www.canal22.org.mx\/\">streaming<\/a><\/u><\/em><\/strong>&nbsp;en el portal oficial.<\/p>\n\n\n\n<p>Los mejores especiales por&nbsp;<strong>MX Nuestro Cine,<\/strong>&nbsp;el canal dedicado al cine mexicano y iberoamericano de&nbsp;<strong>Canal Veintid\u00f3s<\/strong>.<\/p>\n","protected":false},"excerpt":{"rendered":"<p>Ciudad de M\u00e9xico, a 26 de noviembre de 2025.&nbsp;MX Nuestro Cine&nbsp;celebra su tercer aniversario el&nbsp;28 de noviembre de 2025,&nbsp;consolid\u00e1ndose como un espacio para la exhibici\u00f3n, y reflexi\u00f3n del cine mexicano. Desde el inicio de sus transmisiones en 2022, el canal ha comunicado el valor de las obras cinematogr\u00e1ficas nacionales e iberoamericanas como patrimonio audiovisual y [&hellip;]<\/p>\n","protected":false},"author":1,"featured_media":55491,"comment_status":"open","ping_status":"open","sticky":false,"template":"","format":"standard","meta":{"advanced_seo_description":"","jetpack_seo_html_title":"","jetpack_seo_noindex":false,"footnotes":"","jetpack_publicize_message":"","jetpack_is_tweetstorm":false,"jetpack_publicize_feature_enabled":true,"jetpack_social_post_already_shared":true,"jetpack_social_options":{"image_generator_settings":{"template":"highway","enabled":false}}},"categories":[26],"tags":[],"class_list":["post-55490","post","type-post","status-publish","format-standard","has-post-thumbnail","hentry","category-cultura"],"jetpack_publicize_connections":[],"jetpack_featured_media_url":"http:\/\/elcensornoticias.com\/wp-content\/uploads\/2025\/11\/Tercer-aniversario-de-MX-Nuestro-Cine.jpeg","jetpack_likes_enabled":true,"jetpack_sharing_enabled":true,"jetpack_shortlink":"https:\/\/wp.me\/p6xy50-er0","_links":{"self":[{"href":"http:\/\/elcensornoticias.com\/index.php?rest_route=\/wp\/v2\/posts\/55490","targetHints":{"allow":["GET"]}}],"collection":[{"href":"http:\/\/elcensornoticias.com\/index.php?rest_route=\/wp\/v2\/posts"}],"about":[{"href":"http:\/\/elcensornoticias.com\/index.php?rest_route=\/wp\/v2\/types\/post"}],"author":[{"embeddable":true,"href":"http:\/\/elcensornoticias.com\/index.php?rest_route=\/wp\/v2\/users\/1"}],"replies":[{"embeddable":true,"href":"http:\/\/elcensornoticias.com\/index.php?rest_route=%2Fwp%2Fv2%2Fcomments&post=55490"}],"version-history":[{"count":1,"href":"http:\/\/elcensornoticias.com\/index.php?rest_route=\/wp\/v2\/posts\/55490\/revisions"}],"predecessor-version":[{"id":55492,"href":"http:\/\/elcensornoticias.com\/index.php?rest_route=\/wp\/v2\/posts\/55490\/revisions\/55492"}],"wp:featuredmedia":[{"embeddable":true,"href":"http:\/\/elcensornoticias.com\/index.php?rest_route=\/wp\/v2\/media\/55491"}],"wp:attachment":[{"href":"http:\/\/elcensornoticias.com\/index.php?rest_route=%2Fwp%2Fv2%2Fmedia&parent=55490"}],"wp:term":[{"taxonomy":"category","embeddable":true,"href":"http:\/\/elcensornoticias.com\/index.php?rest_route=%2Fwp%2Fv2%2Fcategories&post=55490"},{"taxonomy":"post_tag","embeddable":true,"href":"http:\/\/elcensornoticias.com\/index.php?rest_route=%2Fwp%2Fv2%2Ftags&post=55490"}],"curies":[{"name":"wp","href":"https:\/\/api.w.org\/{rel}","templated":true}]}}