{"id":55487,"date":"2025-11-27T01:50:59","date_gmt":"2025-11-27T01:50:59","guid":{"rendered":"http:\/\/elcensornoticias.com\/?p=55487"},"modified":"2025-11-27T01:51:07","modified_gmt":"2025-11-27T01:51:07","slug":"refrenda-gobernadora-compromiso-con-los-derechos-de-las-mujeres-indigenas-de-tlaxcala","status":"publish","type":"post","link":"http:\/\/elcensornoticias.com\/?p=55487","title":{"rendered":"REFRENDA GOBERNADORA COMPROMISO CON LOS DERECHOS DE LAS MUJERES IND\u00cdGENAS DE TLAXCALA"},"content":{"rendered":"\n<p>Lorena Cu\u00e9llar destac\u00f3 que, en cuatro a\u00f1os, se han invertido 738 millones para el fortalecimiento de los pueblos originarios, y 14 millones m\u00e1s en proyectos productivos para mujeres ind\u00edgenas.<\/p>\n\n\n\n<p>La gobernadora Lorena Cu\u00e9llar Cisneros afirm\u00f3 que, desde el inicio de su administraci\u00f3n, asumi\u00f3 el compromiso hist\u00f3rico de proteger y garantizar los derechos de las mujeres de Tlaxcala; por ello, el 65 por ciento de los programas est\u00e1n enfocados en priorizar su bienestar y erradicar las formas de violencia, no solo de g\u00e9nero, sino tambi\u00e9n por su origen ind\u00edgena.<\/p>\n\n\n\n<p>La titular del Ejecutivo asisti\u00f3 como invitada especial a la conferencia magistral \u201cViolencias de g\u00e9nero en contra de mujeres y ni\u00f1as ind\u00edgenas en M\u00e9xico en contextos p\u00fablicos, privados e institucionales\u201d, impartida por la activista y defensora zapoteca, Eufrosina Cruz Mendoza, como parte de las actividades de los 16 d\u00edas de activismo, en el marco de la conmemoraci\u00f3n del 25 de noviembre, D\u00eda Internacional para la Eliminaci\u00f3n de la Violencia contra la Mujer.&nbsp;<\/p>\n\n\n\n<p>\u201cPor eso decimos con claridad que la violencia que viven muchas mujeres y ni\u00f1as ind\u00edgenas, y en general, no solo ocurre en el \u00e1mbito privado; tambi\u00e9n est\u00e1 presente en los caminos que recorren a diario, en algunas instituciones que todav\u00eda deben transformarse para escuchar, para atender y reparar con perspectiva intercultural. Ese es el compromiso que asumimos desde el Gobierno del Estado\u201d, puntualiz\u00f3.<\/p>\n\n\n\n<p>Cu\u00e9llar Cisneros detall\u00f3 que, a cuatro a\u00f1os de su administraci\u00f3n, se han invertido 738 millones de pesos para fortalecer a los pueblos originarios, y 14 millones de pesos en proyectos productivos para mujeres ind\u00edgenas. Adem\u00e1s, se han realizado 40 mil acciones para el mejoramiento de las viviendas, a trav\u00e9s de la Secretar\u00eda de Bienestar estatal.<\/p>\n\n\n\n<p>\u201cPorque cuando una mujer tiene un camino iluminado, una cl\u00ednica cercana, una escuela segura para sus hijas, o m\u00f3dulos regionales y de atenci\u00f3n en casas de justicia municipales, nacen tambi\u00e9n senderos para ellas\u201d, se\u00f1al\u00f3.<\/p>\n\n\n\n<p>La mandataria record\u00f3 que Tlaxcala se sum\u00f3 al compromiso nacional por la vida, la felicidad y el respeto a las mujeres de la presidenta Claudia Sheinbaum Pardo, el cual contempla 10 acciones concretas, porque \u201cla felicidad y el derecho a una vida m\u00e1s digna no pod\u00eda ser un tema secundario. Hoy, el 65% de nuestros programas estatales est\u00e1n enfocados a priorizar el bienestar de las mujeres\u201d.<\/p>\n\n\n\n<p>En el Teatro Xicoht\u00e9ncatl, Lorena Cu\u00e9llar destac\u00f3 la labor de Eufrosina Cruz Mendoza, activista y defensora de los derechos de las mujeres y comunidades ind\u00edgenas, quien con su lucha contribuy\u00f3 a la transformaci\u00f3n de la conciencia social en M\u00e9xico.<\/p>\n\n\n\n<p>Por su parte, la presidenta del Poder Judicial, Fanny Margarita Amador Montes, reconoci\u00f3 a la gobernadora Lorena Cu\u00e9llar como una aliada comprometida y firme en la construcci\u00f3n de un estado m\u00e1s igualitario y humano para las mujeres.<\/p>\n\n\n\n<p>Subray\u00f3 que la lucha hist\u00f3rica de las mujeres derrib\u00f3 barreras y abri\u00f3 caminos para que M\u00e9xico tenga, por primera vez, una presidenta de la Rep\u00fablica y, en Tlaxcala, los tres poderes del Estado est\u00e9n representados por mujeres.<\/p>\n\n\n\n<p>\u201cNuestra lucha por la dignidad y por la igualdad, tambi\u00e9n por el derecho a vivir sin miedo, es la herencia m\u00e1s poderosa que recibimos de quienes nos antecedieron, y tambi\u00e9n es la responsabilidad m\u00e1s grande que tenemos con quienes vendr\u00e1n\u201d, resalt\u00f3.<\/p>\n\n\n\n<p>En el evento, estuvieron presentes las presidentas de la Comisi\u00f3n de G\u00e9nero y contra la Trata de Personas del Congreso local, Lorena Ru\u00edz Garc\u00eda, y de la Comisi\u00f3n Estatal de los Derechos Humanos (CEDH), Jakqueline Ordo\u00f1ez Brasdefer, as\u00ed como diputados locales, magistrados, consejeros, funcionarios del gabinete legal y ampliado, representantes de colectivos y mujeres de la sociedad civil.<\/p>\n","protected":false},"excerpt":{"rendered":"<p>Lorena Cu\u00e9llar destac\u00f3 que, en cuatro a\u00f1os, se han invertido 738 millones para el fortalecimiento de los pueblos originarios, y 14 millones m\u00e1s en proyectos productivos para mujeres ind\u00edgenas. La gobernadora Lorena Cu\u00e9llar Cisneros afirm\u00f3 que, desde el inicio de su administraci\u00f3n, asumi\u00f3 el compromiso hist\u00f3rico de proteger y garantizar los derechos de las mujeres [&hellip;]<\/p>\n","protected":false},"author":1,"featured_media":55488,"comment_status":"open","ping_status":"open","sticky":false,"template":"","format":"standard","meta":{"advanced_seo_description":"","jetpack_seo_html_title":"","jetpack_seo_noindex":false,"footnotes":"","jetpack_publicize_message":"","jetpack_is_tweetstorm":false,"jetpack_publicize_feature_enabled":true,"jetpack_social_post_already_shared":true,"jetpack_social_options":{"image_generator_settings":{"template":"highway","enabled":false}}},"categories":[5,3],"tags":[],"class_list":["post-55487","post","type-post","status-publish","format-standard","has-post-thumbnail","hentry","category-carrucel","category-gobierno"],"jetpack_publicize_connections":[],"jetpack_featured_media_url":"http:\/\/elcensornoticias.com\/wp-content\/uploads\/2025\/11\/IMG-20251126-WA0028.jpg","jetpack_likes_enabled":true,"jetpack_sharing_enabled":true,"jetpack_shortlink":"https:\/\/wp.me\/p6xy50-eqX","_links":{"self":[{"href":"http:\/\/elcensornoticias.com\/index.php?rest_route=\/wp\/v2\/posts\/55487","targetHints":{"allow":["GET"]}}],"collection":[{"href":"http:\/\/elcensornoticias.com\/index.php?rest_route=\/wp\/v2\/posts"}],"about":[{"href":"http:\/\/elcensornoticias.com\/index.php?rest_route=\/wp\/v2\/types\/post"}],"author":[{"embeddable":true,"href":"http:\/\/elcensornoticias.com\/index.php?rest_route=\/wp\/v2\/users\/1"}],"replies":[{"embeddable":true,"href":"http:\/\/elcensornoticias.com\/index.php?rest_route=%2Fwp%2Fv2%2Fcomments&post=55487"}],"version-history":[{"count":1,"href":"http:\/\/elcensornoticias.com\/index.php?rest_route=\/wp\/v2\/posts\/55487\/revisions"}],"predecessor-version":[{"id":55489,"href":"http:\/\/elcensornoticias.com\/index.php?rest_route=\/wp\/v2\/posts\/55487\/revisions\/55489"}],"wp:featuredmedia":[{"embeddable":true,"href":"http:\/\/elcensornoticias.com\/index.php?rest_route=\/wp\/v2\/media\/55488"}],"wp:attachment":[{"href":"http:\/\/elcensornoticias.com\/index.php?rest_route=%2Fwp%2Fv2%2Fmedia&parent=55487"}],"wp:term":[{"taxonomy":"category","embeddable":true,"href":"http:\/\/elcensornoticias.com\/index.php?rest_route=%2Fwp%2Fv2%2Fcategories&post=55487"},{"taxonomy":"post_tag","embeddable":true,"href":"http:\/\/elcensornoticias.com\/index.php?rest_route=%2Fwp%2Fv2%2Ftags&post=55487"}],"curies":[{"name":"wp","href":"https:\/\/api.w.org\/{rel}","templated":true}]}}